{"id":45,"date":"2014-02-13T18:00:20","date_gmt":"2014-02-13T17:00:20","guid":{"rendered":"http:\/\/musik-landkreis-fulda.de\/?p=45"},"modified":"2018-03-23T08:53:10","modified_gmt":"2018-03-23T07:53:10","slug":"es-ist-nie-zu-spat","status":"publish","type":"post","link":"https:\/\/www.musik-landkreis-fulda.de\/?p=45","title":{"rendered":"Es ist nie zu sp\u00e4t &#8230;"},"content":{"rendered":"<div id=\"attachment_489\" style=\"width: 266px\" class=\"wp-caption alignright\"><a href=\"http:\/\/www.musik-landkreis-fulda.de\/web\/wp-content\/uploads\/2014\/02\/nie_zu_spaet.png\"><img loading=\"lazy\" decoding=\"async\" aria-describedby=\"caption-attachment-489\" class=\"wp-image-489 size-medium\" src=\"http:\/\/www.musik-landkreis-fulda.de\/web\/wp-content\/uploads\/2014\/02\/nie_zu_spaet-256x300.png\" alt=\"nie_zu_spaet\" width=\"256\" height=\"300\" \/><\/a><p id=\"caption-attachment-489\" class=\"wp-caption-text\">Bildnachweis: pixabay CC0<\/p><\/div>\n<p><span style=\"color: #000000;\">&#8230; f\u00fcr einen Instrumentalunterricht!<\/span><\/p>\n<p><span style=\"color: #000000;\">Wollten Sie schon immer ein Instrument lernen?<br \/>\nOder Gesangsunterricht nehmen?<br \/>\n<\/span><\/p>\n<p dir=\"ltr\" data-canvas-width=\"119.77920356969832\" data-font-name=\"Helvetica\" data-angle=\"0\"><span style=\"color: #000000;\">Z\u00f6gern Sie nicht, denn die Idee ist wirklich sehr gut!<\/span><\/p>\n<p><span style=\"color: #000000;\">Prof. Eckart Altenm\u00fcller von der Hochschule f\u00fcr Musik und Theater Hannover sieht in der Musik eine der wichtigsten Freizeitbesch\u00e4ftigungen in Deutschland. In einem Aufsatz unterstreicht er, dass es unter Ber\u00fccksichtigung hirnpsychologischer Erkenntnisse<\/span><\/p>\n<address dir=\"ltr\" data-canvas-width=\"119.77920356969832\" data-font-name=\"Helvetica\" data-angle=\"0\"><span style=\"color: #000000;\"><strong> &#8222;nie zu sp\u00e4t ist, und dass sich unser Nervensystem an neue Anforderungen auch im fortgeschrittenen Alter anpasst. [&#8230;] Dabei m\u00f6chte ich aufzeigen, dass es nicht nur nicht zu sp\u00e4t ist, sondern im Gegenteil Musizieren einem kognitiven Abbau entgegen wirkt.&#8220;<\/strong><\/span><\/address>\n<div dir=\"ltr\" data-canvas-width=\"18.76480055923462\" data-font-name=\"Helvetica\" data-angle=\"0\"><span style=\"color: #000000;\">In seinen Untersuchungen fasst er die Ergebnisse folgenderma\u00dfen zusammen:<\/span><\/div>\n<div dir=\"ltr\" data-canvas-width=\"18.76480055923462\" data-font-name=\"Helvetica\" data-angle=\"0\"><\/div>\n<address dir=\"ltr\" data-canvas-width=\"393.94881174058935\" data-font-name=\"Helvetica\" data-angle=\"0\"><span style=\"color: #000000;\"><strong>1.) Auch in h\u00f6herem Alter passt sich das Nervensystem an die neuen Anforderungen an, die mit dem Erlernen eines Instrumentes einhergehen.<\/strong><\/span><\/address>\n<address dir=\"ltr\" data-canvas-width=\"4.44800013256073\" data-font-name=\"Helvetica\" data-angle=\"0\"><span style=\"color: #000000;\"><strong>2.) Diese Anpassungsvorg\u00e4nge k\u00f6nnen dem nat\u00fcrlichen Altern des Nervensystems teilweise entgegenwirken.<\/strong><\/span><\/address>\n<address dir=\"ltr\" data-canvas-width=\"238.93760712089545\" data-font-name=\"Helvetica\" data-angle=\"0\"><span style=\"color: #000000;\"><strong>3.)Musizieren stellt f\u00fcr die Menschen eine Situation der \u201eangereicherten Umgebung\u201c dar. Mit gr\u00f6\u00dfter Wahrscheinlichkeit wird man bei Menschen die gleichen Ver\u00e4nderungen finden, die in Untersuchungen an Tieren bewiesen wurden. Eine angereicherte Umgebung f\u00fchrt zu h\u00f6herer Synapsendichte, zu vermehrtem Wachstum von Nervenzellforts\u00e4tzen und zu einem h\u00f6heren Gehirngewicht.<\/strong><\/span><\/address>\n<address dir=\"ltr\" data-canvas-width=\"249.00320742087362\" data-font-name=\"Helvetica\" data-angle=\"0\"><span style=\"color: #000000;\"><strong>4.) Die Konsequenz daraus ist, dass es nicht nur nie zu sp\u00e4t ist, sondern dass das Erlernen eines Instrumentes auch in h\u00f6herem Erwachsenenalter sich g\u00fcnstig auf die geistige Leistungsf\u00e4higkeit auswirkt!&#8220; (aus: Es ist nie zu sp\u00e4t. Zur Neurobiologie des Musizierens im Alter)<\/strong><\/span><\/address>\n<div style=\"width: 210px\" class=\"wp-caption alignleft\"><img loading=\"lazy\" decoding=\"async\" src=\"http:\/\/musik-landkreis-fulda.de\/wp-content\/uploads\/2014\/02\/instrumente_blaeser21.jpg\" alt=\"instrumente_blaeser2\" width=\"200\" height=\"149\" \/><p class=\"wp-caption-text\">Bildnachweis: pixabay CC0<\/p><\/div>\n<p><span style=\"color: #000000;\">Erf\u00fcllen Sie sich Ihren Wunsch, ein Instrument zu erlernen!<\/span><br \/>\n<span style=\"color: #000000;\"> Tun Sie es!<\/span><br \/>\n<span style=\"color: #000000;\"> Jetzt!<\/span><\/p>\n<p><span style=\"color: #000000;\">Rufen Sie an und lassen sich beraten.<\/span><\/p>\n<p><span style=\"color: #000000;\">(0661) 6006-1644<br \/>\n<\/span><\/p>\n","protected":false},"excerpt":{"rendered":"<p>&#8230; f\u00fcr einen Instrumentalunterricht! Wollten Sie schon immer ein Instrument lernen? Oder Gesangsunterricht nehmen? Z\u00f6gern Sie nicht, denn die Idee ist wirklich sehr gut! Prof. Eckart Altenm\u00fcller von der Hochschule f\u00fcr Musik und Theater Hannover sieht in der Musik eine der wichtigsten Freizeitbesch\u00e4ftigungen in Deutschland. In einem Aufsatz unterstreicht er, dass es unter Ber\u00fccksichtigung hirnpsychologischer [&hellip;]<\/p>\n","protected":false},"author":1,"featured_media":0,"comment_status":"closed","ping_status":"closed","sticky":true,"template":"","format":"standard","meta":{"footnotes":""},"categories":[1],"tags":[],"class_list":["post-45","post","type-post","status-publish","format-standard","hentry","category-uncategorized"],"_links":{"self":[{"href":"https:\/\/www.musik-landkreis-fulda.de\/index.php?rest_route=\/wp\/v2\/posts\/45","targetHints":{"allow":["GET"]}}],"collection":[{"href":"https:\/\/www.musik-landkreis-fulda.de\/index.php?rest_route=\/wp\/v2\/posts"}],"about":[{"href":"https:\/\/www.musik-landkreis-fulda.de\/index.php?rest_route=\/wp\/v2\/types\/post"}],"author":[{"embeddable":true,"href":"https:\/\/www.musik-landkreis-fulda.de\/index.php?rest_route=\/wp\/v2\/users\/1"}],"replies":[{"embeddable":true,"href":"https:\/\/www.musik-landkreis-fulda.de\/index.php?rest_route=%2Fwp%2Fv2%2Fcomments&post=45"}],"version-history":[{"count":0,"href":"https:\/\/www.musik-landkreis-fulda.de\/index.php?rest_route=\/wp\/v2\/posts\/45\/revisions"}],"wp:attachment":[{"href":"https:\/\/www.musik-landkreis-fulda.de\/index.php?rest_route=%2Fwp%2Fv2%2Fmedia&parent=45"}],"wp:term":[{"taxonomy":"category","embeddable":true,"href":"https:\/\/www.musik-landkreis-fulda.de\/index.php?rest_route=%2Fwp%2Fv2%2Fcategories&post=45"},{"taxonomy":"post_tag","embeddable":true,"href":"https:\/\/www.musik-landkreis-fulda.de\/index.php?rest_route=%2Fwp%2Fv2%2Ftags&post=45"}],"curies":[{"name":"wp","href":"https:\/\/api.w.org\/{rel}","templated":true}]}}