{"id":47,"date":"2014-02-16T14:00:05","date_gmt":"2014-02-16T13:00:05","guid":{"rendered":"http:\/\/musik-landkreis-fulda.de\/?p=47"},"modified":"2025-12-16T12:55:34","modified_gmt":"2025-12-16T11:55:34","slug":"unterricht","status":"publish","type":"post","link":"https:\/\/www.musik-landkreis-fulda.de\/?p=47","title":{"rendered":"Unterricht"},"content":{"rendered":"\n\t\t<style type=\"text\/css\">\n\t\t\t#gallery-1 {\n\t\t\t\tmargin: auto;\n\t\t\t}\n\t\t\t#gallery-1 .gallery-item {\n\t\t\t\tfloat: left;\n\t\t\t\tmargin-top: 10px;\n\t\t\t\ttext-align: center;\n\t\t\t\twidth: 33%;\n\t\t\t}\n\t\t\t#gallery-1 img {\n\t\t\t\tborder: 2px solid #cfcfcf;\n\t\t\t}\n\t\t\t#gallery-1 .gallery-caption {\n\t\t\t\tmargin-left: 0;\n\t\t\t}\n\t\t\t\/* see gallery_shortcode() in wp-includes\/media.php *\/\n\t\t<\/style>\n\t\t<div id='gallery-1' class='gallery galleryid-47 gallery-columns-3 gallery-size-thumbnail'><dl class='gallery-item'>\n\t\t\t<dt class='gallery-icon landscape'>\n\t\t\t\t<img loading=\"lazy\" decoding=\"async\" width=\"150\" height=\"150\" src=\"https:\/\/www.musik-landkreis-fulda.de\/web\/wp-content\/uploads\/2014\/02\/vhslkfd0141-150x150.jpg\" class=\"attachment-thumbnail size-thumbnail\" alt=\"\" aria-describedby=\"gallery-1-259\" srcset=\"https:\/\/www.musik-landkreis-fulda.de\/web\/wp-content\/uploads\/2014\/02\/vhslkfd0141-150x150.jpg 150w, https:\/\/www.musik-landkreis-fulda.de\/web\/wp-content\/uploads\/2014\/02\/vhslkfd0141-300x300.jpg 300w, https:\/\/www.musik-landkreis-fulda.de\/web\/wp-content\/uploads\/2014\/02\/vhslkfd0141-360x360.jpg 360w, https:\/\/www.musik-landkreis-fulda.de\/web\/wp-content\/uploads\/2014\/02\/vhslkfd0141.jpg 500w\" sizes=\"auto, (max-width: 150px) 100vw, 150px\" \/>\n\t\t\t<\/dt>\n\t\t\t\t<dd class='wp-caption-text gallery-caption' id='gallery-1-259'>\n\t\t\t\tBildnachweis: K. Listmann\n\t\t\t\t<\/dd><\/dl><dl class='gallery-item'>\n\t\t\t<dt class='gallery-icon landscape'>\n\t\t\t\t<img loading=\"lazy\" decoding=\"async\" width=\"150\" height=\"150\" src=\"https:\/\/www.musik-landkreis-fulda.de\/web\/wp-content\/uploads\/2014\/02\/vhslkfd0081-150x150.jpg\" class=\"attachment-thumbnail size-thumbnail\" alt=\"\" aria-describedby=\"gallery-1-253\" srcset=\"https:\/\/www.musik-landkreis-fulda.de\/web\/wp-content\/uploads\/2014\/02\/vhslkfd0081-150x150.jpg 150w, https:\/\/www.musik-landkreis-fulda.de\/web\/wp-content\/uploads\/2014\/02\/vhslkfd0081-300x300.jpg 300w, https:\/\/www.musik-landkreis-fulda.de\/web\/wp-content\/uploads\/2014\/02\/vhslkfd0081-360x360.jpg 360w, https:\/\/www.musik-landkreis-fulda.de\/web\/wp-content\/uploads\/2014\/02\/vhslkfd0081.jpg 500w\" sizes=\"auto, (max-width: 150px) 100vw, 150px\" \/>\n\t\t\t<\/dt>\n\t\t\t\t<dd class='wp-caption-text gallery-caption' id='gallery-1-253'>\n\t\t\t\tBildnachweis: K. Listmann\n\t\t\t\t<\/dd><\/dl><dl class='gallery-item'>\n\t\t\t<dt class='gallery-icon landscape'>\n\t\t\t\t<img loading=\"lazy\" decoding=\"async\" width=\"150\" height=\"150\" src=\"https:\/\/www.musik-landkreis-fulda.de\/web\/wp-content\/uploads\/2014\/02\/Musikschultag2005-08-Blockfloetenklasse_Reiser-Walther-150x150.jpg\" class=\"attachment-thumbnail size-thumbnail\" alt=\"\" aria-describedby=\"gallery-1-242\" \/>\n\t\t\t<\/dt>\n\t\t\t\t<dd class='wp-caption-text gallery-caption' id='gallery-1-242'>\n\t\t\t\tBildnachweis: K. Listmann\n\t\t\t\t<\/dd><\/dl><br style=\"clear: both\" \/>\n\t\t<\/div>\n\n<p><span style=\"color: #000000;\">Die M\u00f6glichkeiten einer musikalischen Ausbildung am Fachbereich Musikerziehung sind vielf\u00e4ltig. Nachfolgend erhalten Sie eine \u00dcbersicht \u00fcber die verschiedenen Angebote:<\/span><\/p>\n<p><strong><span style=\"color: #000000;\"><a title=\"Musikalische Fr\u00fcherziehung\" href=\"http:\/\/musik-landkreis-fulda.de\/?page_id=206\"><span style=\"color: #000000;\"> Musikalische Fr\u00fcherziehung<\/span><\/a><\/span><\/strong><\/p>\n<p><strong><a title=\"Musikalische Grundausbildung\" href=\"http:\/\/musik-landkreis-fulda.de\/?page_id=275\"><span style=\"color: #000000;\"><span style=\"color: #000000;\">Musikalische Grundausbildung<\/span><\/span><\/a><\/strong><\/p>\n<p><strong><a title=\"Instrumental- und Vokalunterricht\" href=\"http:\/\/musik-landkreis-fulda.de\/?page_id=285\"><span style=\"color: #000000;\"><span style=\"color: #000000;\">I<\/span><span style=\"color: #000000;\">nstrumental-\/Vokalunterricht<\/span><\/span><\/a><\/strong><\/p>\n<p><strong><span style=\"color: #000000;\"><a title=\"Vorberufliche Fachausbildung\" href=\"http:\/\/musik-landkreis-fulda.de\/?page_id=290\"><span style=\"color: #000000;\"> Vorberufliche Fachausbildung<\/span><\/a><\/span><\/strong><\/p>\n<p><span style=\"color: #000000;\">\u00a0<\/span><\/p>\n<p><span style=\"color: #000000;\">Ein Anmeldeformular f\u00fcr einen Instrumental- oder Vokalunterricht zum Ausdrucken finden Sie <a href=\"https:\/\/www.musik-landkreis-fulda.de\/web\/wp-content\/uploads\/2025\/12\/16.12.2025-Anmeldeformular_KreisMusikSchule_Stand-25-12-16.docx-AllgemeinAllg.-Schriftverkehr.pdf\"><strong><span style=\"color: #000000;\"><span style=\"color: #0000ff;\">&gt;&gt;&gt; hier<\/span><\/span><\/strong><span style=\"color: #000000;\">.<\/span><\/a><\/span><\/p>\n<p>(Bitte drucken Sie das Dokument nach erfolgter Bearbeitung aus und unterschrieben es an den markierten Stellen. Wir ben\u00f6tigen Ihre Original-Unterschrift.)<\/p>\n","protected":false},"excerpt":{"rendered":"<p>Die M\u00f6glichkeiten einer musikalischen Ausbildung am Fachbereich Musikerziehung sind vielf\u00e4ltig. Nachfolgend erhalten Sie eine \u00dcbersicht \u00fcber die verschiedenen Angebote: Musikalische Fr\u00fcherziehung Musikalische Grundausbildung Instrumental-\/Vokalunterricht Vorberufliche Fachausbildung \u00a0 Ein Anmeldeformular f\u00fcr einen Instrumental- oder Vokalunterricht zum Ausdrucken finden Sie &gt;&gt;&gt; hier. (Bitte drucken Sie das Dokument nach erfolgter Bearbeitung aus und unterschrieben es an den markierten [&hellip;]<\/p>\n","protected":false},"author":1,"featured_media":1146,"comment_status":"closed","ping_status":"closed","sticky":true,"template":"","format":"standard","meta":{"footnotes":""},"categories":[1],"tags":[],"class_list":["post-47","post","type-post","status-publish","format-standard","has-post-thumbnail","hentry","category-uncategorized"],"_links":{"self":[{"href":"https:\/\/www.musik-landkreis-fulda.de\/index.php?rest_route=\/wp\/v2\/posts\/47","targetHints":{"allow":["GET"]}}],"collection":[{"href":"https:\/\/www.musik-landkreis-fulda.de\/index.php?rest_route=\/wp\/v2\/posts"}],"about":[{"href":"https:\/\/www.musik-landkreis-fulda.de\/index.php?rest_route=\/wp\/v2\/types\/post"}],"author":[{"embeddable":true,"href":"https:\/\/www.musik-landkreis-fulda.de\/index.php?rest_route=\/wp\/v2\/users\/1"}],"replies":[{"embeddable":true,"href":"https:\/\/www.musik-landkreis-fulda.de\/index.php?rest_route=%2Fwp%2Fv2%2Fcomments&post=47"}],"version-history":[{"count":1,"href":"https:\/\/www.musik-landkreis-fulda.de\/index.php?rest_route=\/wp\/v2\/posts\/47\/revisions"}],"predecessor-version":[{"id":1417,"href":"https:\/\/www.musik-landkreis-fulda.de\/index.php?rest_route=\/wp\/v2\/posts\/47\/revisions\/1417"}],"wp:featuredmedia":[{"embeddable":true,"href":"https:\/\/www.musik-landkreis-fulda.de\/index.php?rest_route=\/wp\/v2\/media\/1146"}],"wp:attachment":[{"href":"https:\/\/www.musik-landkreis-fulda.de\/index.php?rest_route=%2Fwp%2Fv2%2Fmedia&parent=47"}],"wp:term":[{"taxonomy":"category","embeddable":true,"href":"https:\/\/www.musik-landkreis-fulda.de\/index.php?rest_route=%2Fwp%2Fv2%2Fcategories&post=47"},{"taxonomy":"post_tag","embeddable":true,"href":"https:\/\/www.musik-landkreis-fulda.de\/index.php?rest_route=%2Fwp%2Fv2%2Ftags&post=47"}],"curies":[{"name":"wp","href":"https:\/\/api.w.org\/{rel}","templated":true}]}}