{"id":54,"date":"2014-02-14T15:00:33","date_gmt":"2014-02-14T14:00:33","guid":{"rendered":"http:\/\/musik-landkreis-fulda.de\/?p=54"},"modified":"2026-04-22T15:48:30","modified_gmt":"2026-04-22T13:48:30","slug":"dozenten","status":"publish","type":"post","link":"https:\/\/www.musik-landkreis-fulda.de\/?p=54","title":{"rendered":"Dozenten"},"content":{"rendered":"<h5 style=\"text-align: right;\"><span style=\"color: #0000ff;\"><a style=\"color: #0000ff;\" href=\"https:\/\/www.musik-landkreis-fulda.de\/?page_id=394\" target=\"_blank\" rel=\"noopener\">-&gt; Interner Downloadbereich f\u00fcr Lehrkr\u00e4fte<\/a><\/span><\/h5>\r\n<hr \/>\r\n<p><span style=\"color: #000000;\">Der Unterricht des Fachbereiches Musikerziehung findet zum gro\u00dfen Teil an Unterrichtsst\u00e4tten im gesamten Landkreis Fulda statt. <strong>Bei Bedarf k\u00f6nnen beim Vorliegen entsprechender Anmeldungen gern auch weitere Unterrichtsorte eingerichtet werden.<\/strong><\/span><br \/><span style=\"color: #000000;\"> In folgender alphabetischen Zusammenstellung finden Sie eine Liste unserer Dozentinnen und Dozenten, deren Unterrichtsf\u00e4cher sowie die Orte, an denen im Moment Unterrichte erteilt werden.<br \/><\/span><\/p>\r\n<p><span style=\"color: #000000;\"> In Fulda findet der Unterricht in den Musikr\u00e4umen des ehemaligen Informationszentrums der Rh\u00f6nenergie (Infozentrum) Frankfurter Str. 6, 36043 Fulda, an der Winfriedschule oder im Eduard-Stieler-Campus (ESC), Br\u00fcder-Grimm-Str. 5, 36037 Fulda, und in den R\u00e4umen der Ch\u00f6re am Dom statt.<\/span><\/p>\r\n<p><span style=\"color: #000000;\"><strong>Antonovska, Katharina<\/strong><\/span><\/p>\r\n<p><span style=\"color: #000000;\">Unterrichtsfach: Violoncello<br \/>Unterrichtsorte: Burghaun, Eiterfeld (Lichtbergschule), Fulda (Winfriedschule),<\/span><span style=\"color: #000000;\"> H\u00fcnfeld (Paul-Gerhardt-Schule und Konrad-Zuse-Schule)<\/span><br \/><br \/><\/p>\r\n<p><strong><span style=\"color: #000000;\">Augustinski, Silke<\/span><\/strong><\/p>\r\n<div id=\"attachment_567\" style=\"width: 310px\" class=\"wp-caption alignright\"><a href=\"http:\/\/www.musik-landkreis-fulda.de\/web\/wp-content\/uploads\/2014\/02\/augustinski_silke_450px.jpg\"><img loading=\"lazy\" decoding=\"async\" aria-describedby=\"caption-attachment-567\" class=\"wp-image-567 size-full\" src=\"http:\/\/www.musik-landkreis-fulda.de\/web\/wp-content\/uploads\/2014\/02\/augustinski_silke_450px.jpg\" alt=\"Silke Augustinski\" width=\"300\" height=\"450\" srcset=\"https:\/\/www.musik-landkreis-fulda.de\/web\/wp-content\/uploads\/2014\/02\/augustinski_silke_450px.jpg 300w, https:\/\/www.musik-landkreis-fulda.de\/web\/wp-content\/uploads\/2014\/02\/augustinski_silke_450px-200x300.jpg 200w\" sizes=\"auto, (max-width: 300px) 100vw, 300px\" \/><\/a><p id=\"caption-attachment-567\" class=\"wp-caption-text\">Bildnachweis: S. Augustinski<\/p><\/div>\r\n<p><span style=\"color: #000000;\">Unterrichtsfach: Oboe<br \/>Unterrichtsort: Fulda (Winfriedschule), Petersberg<br \/><\/span><\/p>\r\n<p><span style=\"color: #000000;\">Silke Augustinski,\u00a0<\/span><span style=\"color: #000000;\">geb. 1987 in Fulda, studierte Oboe bei Prof. Jochen M\u00fcller-Brincken an der Hochschule f\u00fcr Musik W\u00fcrzburg und legte dort 2012 das p\u00e4dagogische Diplom, 2014 das k\u00fcnstlerische Diplom und im Juli 2015 ihre Masterpr\u00fcfung ab. <\/span><\/p>\r\n<p><span style=\"color: #000000;\">Zahlreiche Meisterkurse, u.a. bei Ingo Goritzki, Albrecht Mayer, Stefan Schilli, Lajos Lencs\u00e9s und Gregor Witt, vervollst\u00e4ndigten ihr Studium ebenso wie vielf\u00e4ltige Orchestererfahrung. <\/span><\/p>\r\n<p><span style=\"color: #000000;\">Als Aushilfe und Praktikantin war sie in der Staatsphilharmonie Bad Reichenhall, im Symphonieorchester Saalfeld-Rudolstadt sowie im G\u00f6ttinger Symphonieorchester t\u00e4tig. Sie ist Preistr\u00e4gerin des Internationalen Holzbl\u00e4serwettbewerbs St. Petersburg (2011) sowie Stipendiatin des Richard Wagner-Verbandes und von Live Music Now Franken e.V. <\/span><\/p>\r\n<p><span style=\"color: #000000;\">Silke Augustinski ist als Oboenlehrerin und als freischaffende Musikerin t\u00e4tig und spielt regelm\u00e4\u00dfig Kammermusik, z.B. im Duo Pasculli mit Anna-Maria Frankenberger (Harfe) und im W\u00fcrzburger Bl\u00e4serquintett.<\/span><\/p>\r\n<p>&nbsp;<\/p>\r\n<p><span style=\"color: #000000;\"><br \/><strong>Bachmann-Wie\u00dfner, Karl-Heinz<\/strong><\/span><\/p>\r\n<p><span style=\"color: #000000;\">Unterrichtsfach: Klavier<br \/>Unterrichtsort: Eiterfeld (Lichtbergschule), H\u00fcnfeld (Johann-Adam-F\u00f6rster-Schule)<\/span><\/p>\r\n<div style=\"width: 210px\" class=\"wp-caption alignright\"><a href=\"http:\/\/musik-landkreis-fulda.de\/wp-content\/uploads\/2014\/02\/bachmann-wiessner_rene2.jpg\"><img loading=\"lazy\" decoding=\"async\" src=\"http:\/\/musik-landkreis-fulda.de\/wp-content\/uploads\/2014\/02\/bachmann-wiessner_rene2-200x300.jpg\" alt=\"Ray Binder\" width=\"200\" height=\"300\" \/><\/a><p class=\"wp-caption-text\">Bildnachweis: R. Bachmann-Wie\u00dfner<\/p><\/div>\r\n<p><span style=\"color: #000000;\"><strong><br \/>Bachmann-Wie\u00dfner, Ren\u00e9<\/strong><\/span><\/p>\r\n<p><span style=\"color: #000000;\">Unterrichtsfach: Saxophon, Querfl\u00f6te<br \/>Unterrichtsort: H\u00fcnfeld (Johann-Adam-F\u00f6rster-Schule), Eiterfeld (Lichtbergschule), Rasdorf, Grundschule, Fulda, Ch\u00f6re am Dom<br \/><\/span><\/p>\r\n<p><span style=\"color: #000000;\">Geb. am\u00a022.04.1961 in Jena,<br \/>Mutter: Operns\u00e4ngerin<br \/>Vater: Musikdirektor \/ Dirigent \/ Pianist<\/span><\/p>\r\n<p><span style=\"color: #000000;\">Priv. Fl\u00f6tenunterricht beim 1. Fl\u00f6tisten der &#8222;Halleschen Philharmonie&#8220;\u00a0 Uhlig,<\/span><\/p>\r\n<p><span style=\"color: #000000;\">02\/80 &#8211; 04\/84 Facharb. f. Nachrichtentechnik bei der &#8222;Deutschen Post&#8220;,<\/span><br \/><span style=\"color: #000000;\"> Spielen bei Amateurbands, Mitwirkung in Theaterprogrammen<\/span><\/p>\r\n<p><span style=\"color: #000000;\">09\/83 &#8211; 04\/85 Berufsmusikerausbildung im Fach Saxophon an der Bezirksmusikschule Gera<br \/>Studienzeit um 3 Jahre verk\u00fcrzt, Abschluss &#8222;SEHR GUT&#8220;<br \/><\/span><\/p>\r\n<p><span style=\"color: #000000;\">05\/84 &#8211; 05\/85\u00a0\u00a0\u00a0\u00a0\u00a0 Elektriker im Kreiskrankenhaus Zeitz<br \/>05\/85 &#8211; 10\/86\u00a0\u00a0\u00a0\u00a0\u00a0 Grundwehrdienst bei der NVA<br \/>11\/86 &#8211; 06\/87\u00a0\u00a0\u00a0\u00a0\u00a0\u00a0 Kreiskrankenhaus Zeitz als Elektr.<br \/>09\/86 &#8211; 10\/89\u00a0\u00a0\u00a0\u00a0 Fernstudent an der Musikhochschule in Weimar<br \/>seit 06\/87\u00a0\u00a0\u00a0\u00a0\u00a0\u00a0\u00a0\u00a0\u00a0\u00a0 Berufsmusiker mit \u00fcber 30 Auftritten pro Monat, \u00fcberwiegend Programmbegleitung vom Blatt + Konzerte<br \/>12.10.89\u00a0\u00a0\u00a0\u00a0\u00a0\u00a0\u00a0\u00a0\u00a0\u00a0\u00a0\u00a0\u00a0\u00a0 Verlassen der DDR nach jahrelanger Vorbereitung<\/span><br \/><span style=\"color: #000000;\"> -Studium unterbrochen-<br \/>04\/90 -09\/90\u00a0\u00a0\u00a0\u00a0 Satzf\u00fchrer bei &#8222;Roncalli&#8220; und Musiker bei &#8222;Panem et Circensis&#8220; \/M\u00fcnchen<br \/>09\/90 &#8211; 07\/91\u00a0\u00a0\u00a0\u00a0 Direktstudium an MHS in Weimar (Wiederaufnahme)<br \/>Abschluss: Dipl.- Musiker Saxophon \/ Fl\u00f6te<br \/>08\/91 &#8211; 12\/91\u00a0\u00a0\u00a0\u00a0\u00a0\u00a0 Variet\u00e9 Stuttgart, Musiker bei &#8220; Orchester Lothar Stuckart&#8220;<br \/>01\/92 &#8211; 07\/92\u00a0\u00a0\u00a0\u00a0\u00a0\u00a0 &#8222;Musikmanagement &#8220; in K\u00f6ln, f\u00fcr einige Jahre auch nebenbei Redaktionsmitarbeiter der IZ Instrumentenbauzeitschrift<br \/>08\/92 &#8211; 12\/93\u00a0\u00a0\u00a0\u00a0\u00a0\u00a0 &#8222;Amorados Showband&#8220; und &#8222;Sandmenset &#8220; in Heppenheim<br \/>01\/94 &#8211; 10\/96\u00a0\u00a0\u00a0\u00a0\u00a0\u00a0 &#8222;Curocas &#8220; (Wildecker Herzbuben)<br \/>seit 11\/96\u00a0\u00a0\u00a0\u00a0\u00a0\u00a0\u00a0\u00a0\u00a0\u00a0\u00a0\u00a0\u00a0 Freier Musiker in Jazz und Klassik (Cold Swet, Ray Binder, Larerdo, Party-Dance Band-Suhl, Jazz-Trio, Orchesteraushilfen, Studiomusik und und und.)<\/span><\/p>\r\n<p style=\"text-align: left;\"><span style=\"color: #000000;\"><b>Auslandsgastspiele:<br \/><\/b>2x Toronto, Chicago, Venedig, Mallorca, Kreta, Sardinien, Holland, Belgien, Tschechien usw.<\/span><\/p>\r\n<p style=\"text-align: left;\" align=\"center\"><span style=\"color: #000000;\"><b>Klassikerfahrung:<br \/><\/b>Studium, Theater Zeitz und Rudolstadt, Tingeleien, Salonmusik, Rondo Veneziano (Ableger aus K\u00f6ln), Konzerte, Theaterprogramme, Einspielungen<\/span><\/p>\r\n<p><span style=\"color: #000000;\"><b>Lehrt\u00e4tigkeit:<br \/><\/b>seit 08\/92\u00a0\u00a0\u00a0\u00a0\u00a0\u00a0\u00a0\u00a0\u00a0\u00a0\u00a0 KreisMusikSchule Fulda &amp; Privatunterricht<br \/>01\/93 &#8211; 04\/94\u00a0\u00a0\u00a0\u00a0\u00a0 Musikschule- Konservatorium Heppenheim<br \/>04\/94 &#8211; 08\/95\u00a0\u00a0\u00a0\u00a0 Musikschule Melsungen<br \/>05\/95 &#8211; 12\/95\u00a0\u00a0\u00a0\u00a0\u00a0\u00a0 Musikschule Fulda (Schwangerschaftsvertretung)<br \/>seit 2006\u00a0\u00a0\u00a0\u00a0\u00a0\u00a0\u00a0\u00a0\u00a0\u00a0\u00a0 MS Bad Salzungen und deren Au\u00dfenstelle, Geisa<\/span><\/p>\r\n<p><strong><span style=\"color: #000000;\"><br \/>Baumann, Tobias<\/span><\/strong><\/p>\r\n<p><span style=\"color: #000000;\">Unterrichtsfach: Schlagzeug<\/span><br \/><span style=\"color: #000000;\"> Unterrichtsort: Ebersburg-Weyhers, Eiterfeld (Lichtbergschule), H\u00fcnfeld-Mackenzell (Proberaum Musikverein), Neuhof (Johannes-Kepler-Schule)<br \/><\/span><\/p>\r\n<p><span style=\"color: #000000;\">\u00a0<\/span><br \/><strong><span style=\"color: #000000;\"><br \/>Baqu\u00e9-Zittlau, Irene<\/span><\/strong><\/p>\r\n<p><span style=\"color: #000000;\">Unterrichtsfach: Violine<br \/>Unterrichtsort:\u00a0 K\u00fcnzell-Loheland<\/span><\/p>\r\n<p>&nbsp;<\/p>\r\n<p><strong>Sohyeun Cho<\/strong><\/p>\r\n<p>Unterrichtsfach: Blockfl\u00f6te<\/p>\r\n<p>Unterrichtsort: Fulda<\/p>\r\n<p><span style=\"color: #000000;\"><strong><img loading=\"lazy\" decoding=\"async\" class=\"alignnone  wp-image-1433\" src=\"https:\/\/www.musik-landkreis-fulda.de\/web\/wp-content\/uploads\/2014\/02\/Cho-Sohyeun-scaled-e1770625926378.jpg\" alt=\"\" width=\"432\" height=\"373\" srcset=\"https:\/\/www.musik-landkreis-fulda.de\/web\/wp-content\/uploads\/2014\/02\/Cho-Sohyeun-scaled-e1770625926378.jpg 1707w, https:\/\/www.musik-landkreis-fulda.de\/web\/wp-content\/uploads\/2014\/02\/Cho-Sohyeun-scaled-e1770625926378-300x259.jpg 300w, https:\/\/www.musik-landkreis-fulda.de\/web\/wp-content\/uploads\/2014\/02\/Cho-Sohyeun-scaled-e1770625926378-1024x885.jpg 1024w, https:\/\/www.musik-landkreis-fulda.de\/web\/wp-content\/uploads\/2014\/02\/Cho-Sohyeun-scaled-e1770625926378-768x664.jpg 768w, https:\/\/www.musik-landkreis-fulda.de\/web\/wp-content\/uploads\/2014\/02\/Cho-Sohyeun-scaled-e1770625926378-1536x1328.jpg 1536w, https:\/\/www.musik-landkreis-fulda.de\/web\/wp-content\/uploads\/2014\/02\/Cho-Sohyeun-scaled-e1770625926378-700x605.jpg 700w\" sizes=\"auto, (max-width: 432px) 100vw, 432px\" \/><\/strong><\/span><\/p>\r\n<p>Die Blockfl\u00f6tistin Sohyeun Cho absolvierte ihr Bachelorstudium an der Hochschule f\u00fcr Musik und Theater Hamburg bei Prof. Peter Holtslag und schloss anschlie\u00dfend ihr Masterstudium an der Universit\u00e4t f\u00fcr Musik und darstellende Kunst Wien bei Prof. Carsten Eckert mit Bestnote ab.<\/p>\r\n<p>Ihre k\u00fcnstlerische Laufbahn ist von zahlreichen Auszeichnungen bei renommierten Wettbewerben in Europa und Asien gepr\u00e4gt. Neben dem ersten Preis beim bedeutendsten Blockfl\u00f6tenwettbewerb in Korea (Chuncheon) feierte sie Erfolge bei namhaften internationalen Wettbewerben in Deutschland, Polen, Japan und Taiwan.\u00a0<\/p>\r\n<p>Im Jahr 2018 wurde sie zudem als Stipendiatin von Yehudi Menuhin Live Music Now Hamburg ausgew\u00e4hlt.<\/p>\r\n<p>Sohyeun Cho widmet sich mit gro\u00dfer Leidenschaft sowohl solistischen Projekten als auch der Kammermusik und ist regelm\u00e4\u00dfig auf verschiedenen Podien in Europa und Ostasien zu h\u00f6ren. So gastierte sie beispielsweise beim renommierten Utrecht Early Music Festival in den Niederlanden sowie beim Taiwan International Early Music Festival. Aktuell ist sie f\u00fcr den Instrumentenbauer Mollenhauer Blockfl\u00f6ten t\u00e4tig und bereichert als aktives Mitglied des Salvatoris Consort, des Ensemble Vinari sowie des Duo Punkt das Musikleben.<\/p>\r\n<p>Schwerpunkte<\/p>\r\n<p>\u2022 Stilistische Vielfalt: Interpretation der gesamten Bandbreite von der historischen Auff\u00fchrungspraxis bis hin zu zeitgen\u00f6ssischen und experimentellen Werken der Moderne.<\/p>\r\n<p>\u2022 Individuelle F\u00f6rderung: Qualifizierter Unterricht f\u00fcr alle Altersgruppen und Niveaus \u2013 vom spielerischen Anfang bis hin zur professionellen Ausbildung.<\/p>\r\n<p>\u2022 Klangliche Exploration: Erweiterung des musikalischen Spektrums durch neue Spieltechniken und die Entdeckung spannender Repertoires.<\/p>\r\n<p>Motto: &#8222;Die Grenzen der Blockfl\u00f6te \u00fcberwinden und ihre unendlichen M\u00f6glichkeiten entdecken. Mein Ziel ist es, das volle, grenzenlose Potenzial dieses faszinierenden Instruments erlebbar zu machen und \u00fcber traditionelle Klischees hinaus neue Klangwege zu er\u00f6ffnen.&#8220;<\/p>\r\n<p>&nbsp;<\/p>\r\n<p><strong>Boris Costin<\/strong><\/p>\r\n<p>&nbsp;<\/p>\r\n<div id=\"attachment_216\" style=\"width: 173px\" class=\"wp-caption alignright\"><a href=\"http:\/\/musik-landkreis-fulda.de\/wp-content\/uploads\/2014\/02\/Costin_Dozent1.jpg\"><img loading=\"lazy\" decoding=\"async\" aria-describedby=\"caption-attachment-216\" class=\"wp-image-216 \" src=\"http:\/\/www.musik-landkreis-fulda.de\/web\/wp-content\/uploads\/2014\/02\/Costin_Dozent1.jpg\" alt=\"Costin_Dozent\" width=\"163\" height=\"215\" \/><\/a><p id=\"caption-attachment-216\" class=\"wp-caption-text\">Bildnachweis: B. Cost<strong style=\"font-size: 16px;\"><span style=\"color: #000000;\">Costin, Boris<\/span><\/strong><\/p><\/div>\r\n<p><span style=\"color: #000000;\">Unterrichtsf\u00e4cher: Querfl\u00f6te, Klarinette, Saxophon<br \/>Unterrichtsorte: Eiterfeld, Fulda (Infozentrum und Winfriedschule), Eberhardschule Tann<\/span><\/p>\r\n<p>&nbsp;<\/p>\r\n<p>&nbsp;<\/p>\r\n<p>&nbsp;<\/p>\r\n<div id=\"attachment_734\" style=\"width: 191px\" class=\"wp-caption alignright\"><img loading=\"lazy\" decoding=\"async\" aria-describedby=\"caption-attachment-734\" class=\"wp-image-734 \" src=\"http:\/\/www.musik-landkreis-fulda.de\/web\/wp-content\/uploads\/2014\/02\/Edwards_Bruce_300px.jpg\" alt=\"\" width=\"181\" height=\"181\" srcset=\"https:\/\/www.musik-landkreis-fulda.de\/web\/wp-content\/uploads\/2014\/02\/Edwards_Bruce_300px.jpg 300w, https:\/\/www.musik-landkreis-fulda.de\/web\/wp-content\/uploads\/2014\/02\/Edwards_Bruce_300px-150x150.jpg 150w\" sizes=\"auto, (max-width: 181px) 100vw, 181px\" \/><p id=\"caption-attachment-734\" class=\"wp-caption-text\">Bildnachweis: Bruce Edwards<\/p><\/div>\r\n<p><strong><span style=\"color: #000000;\">Edwards, Bruce<\/span><\/strong><\/p>\r\n<p><span style=\"color: #000000;\">URL: <a href=\"https:\/\/bruceedwards.de\">https:\/\/bruceedwards.de<\/a><br \/>Unterrichtsf\u00e4cher: Klarinette, Saxophon<br \/>Unterrichtsort: Fulda, Eiterfeld, Eichenzell, Grundschule<br \/><\/span><\/p>\r\n<p><span style=\"color: #000000;\">Bruce Edwards wurde 1960 in Heidelberg geboren.<\/span><\/p>\r\n<p><span style=\"color: #000000;\">Ab 1979 absolvierte er das Klarinettenstudium bei Prof. Franz Klein an der Musikhochschule K\u00f6ln, wo er 1985 die \u201eK\u00fcnstlerische Reifepr\u00fcfung\u201c ablegte.<\/span><\/p>\r\n<p><span style=\"color: #000000;\">Seine Studien erg\u00e4nzte und vervollst\u00e4ndigte er durch Unterricht und die Teilnahme an Meisterkursen und Workshops u. a. bei Eddie Daniels, dem Trio di Clarone, Peter Handsworth, Herb Geller, dem Quatuor Enescu, Giora Feidmann, Michael Riessler, Claudio Puntin, Thomas Savy und David Krakauer.<\/span><\/p>\r\n<p><span style=\"color: #000000;\">Bruce Edwards lebt als freischaffender Musiker und Instrumentalp\u00e4dagoge in Fulda.<\/span><\/p>\r\n<p><span style=\"color: #000000;\">Als Kammermusiker und Solist konzertierte er in Deutschland, den USA, Frankreich, Spanien, Italien, D\u00e4nemark und der CSSR.<\/span><\/p>\r\n<p><span style=\"color: #000000;\">1985 war er Gr\u00fcndungsmitglied des Ensemble Clarinesque, einem der f\u00fchrenden europ\u00e4ischen Klarinettenquartette, mit dem er mehrere CDs ver\u00f6ffentlichte und an Fernseh- und Rundfunkproduktionen des HR und des WDR mitwirkte.<\/span><\/p>\r\n<p><span style=\"color: #000000;\">Seit 1984 konzertiert Bruce Edwards regelm\u00e4\u00dfig im Duo mit seinem Klavierpartner Johannes M\u00f6ller.<\/span><\/p>\r\n<p><span style=\"color: #000000;\">Weiterhin war er viele Jahre Mitglied des Mientka-Edwards-Trios (Klarinette, Cello, Klavier).<\/span><\/p>\r\n<p><span style=\"color: #000000;\">Zwischen 1986 und 1997 war Bruce Edwards in der Hamburger Musical Szene aktiv, wo er in den Produktionen von \u201eCats\u201c, \u201eDas Phantom der Oper\u201c und \u201eTrouble in Tahiti\u201c au\u00dfer Klarinette auch Saxophon und Querfl\u00f6te spielte.<\/span><\/p>\r\n<p><span style=\"color: #000000;\">In 2014 gr\u00fcndete Bruce Edwards mit Kollegen und Sch\u00fclern in Fulda die \u201eClariphonics\u201c, ein Ensembleprojekt bestehend aus 20 bis 30 Klarinetten aller Gr\u00f6\u00dfen von Piccolo- bis Kontrabassklarinette. Unter seiner Leitung gibt dieses Ensemble j\u00e4hrlich ein gro\u00dfes Benefizkonzert.<\/span><\/p>\r\n<p><span style=\"color: #000000;\">F\u00fcr das \u201eEnsemble Clarinesque\u201c und die Clariphonics schrieb Bruce Edwards zahlreiche Arrangements, von denen einige im Druck und auf CD erschienen sind.<\/span><\/p>\r\n<p><span style=\"color: #000000;\">In den Fachzeitschriften \u201eThe Clarinet\u201c und \u201eRohrblatt\u201c wurden mehrere Artikel aus seiner Feder ver\u00f6ffentlicht.<\/span><\/p>\r\n<p><span style=\"color: #000000;\">Seit 1986 unterrichtet Bruce Edwards Klarinette und Saxophon an der Musikschule des Landkreises Fulda (Fachbereich Musikerziehung an der vhs).<\/span><\/p>\r\n<p><span style=\"color: #000000;\">Erste Erfahrungen auf diesem Gebiet sammelte er an der Musikschule Leverkusen, wo er von 1982 bis 1987 t\u00e4tig war.<\/span><\/p>\r\n<p><span style=\"color: #000000;\">Parallel zu seinem Engagement an der vhs des Landkreises Fulda unterrichtete Bruce Edwards von 1987 bis 1992 an der Musikschule der Stadt Fulda und von 1992 bis 1994 an der Musikschule des Kreises Bad Hersfeld-Rotenburg.<\/span><\/p>\r\n<p><span style=\"color: #000000;\">Zahlreiche seiner Sch\u00fcler durfte er auf ihrem Weg zum Musikstudium und Erfolgen bei \u201eJugend musiziert\u201c begleiten.<\/span><\/p>\r\n<p><span style=\"color: #000000;\">Dabei stehen f\u00fcr Bruce Edwards Individualit\u00e4t und Pers\u00f6nlichkeit jedes Sch\u00fclers, und ganz besonders die Freude am Musizieren im Vordergrund.<\/span><\/p>\r\n<p><a title=\"Clarinesque - Bruce Edwards\" href=\"https:\/\/www.youtube.com\/user\/clarinesque\/videos\" target=\"_blank\" rel=\"noopener noreferrer\">&gt;&gt;&gt; Videos<\/a><\/p>\r\n<p><span style=\"color: #ffffff;\">Blindtext<\/span><\/p>\r\n<p>&nbsp;<\/p>\r\n<p><span style=\"color: #000000;\"><img loading=\"lazy\" decoding=\"async\" class=\"wp-image-787 alignright\" src=\"https:\/\/www.musik-landkreis-fulda.de\/web\/wp-content\/uploads\/2014\/02\/Feldmann_Reinhold_small.jpg\" alt=\"\" width=\"176\" height=\"240\" srcset=\"https:\/\/www.musik-landkreis-fulda.de\/web\/wp-content\/uploads\/2014\/02\/Feldmann_Reinhold_small.jpg 480w, https:\/\/www.musik-landkreis-fulda.de\/web\/wp-content\/uploads\/2014\/02\/Feldmann_Reinhold_small-220x300.jpg 220w\" sizes=\"auto, (max-width: 176px) 100vw, 176px\" \/><\/span><\/p>\r\n<p><strong>Reinhold Feldmann<\/strong><\/p>\r\n<p><strong>Unterrichtsf\u00e4cher<em>: <\/em>Klavier, Musiktheorie<\/strong><\/p>\r\n<p><strong>Unterrichtsorte: Fulda, Neuhof<\/strong><\/p>\r\n<p><strong>Vita\u00a0\u00a0\u00a0\u00a0\u00a0\u00a0\u00a0\u00a0\u00a0\u00a0\u00a0\u00a0\u00a0\u00a0\u00a0\u00a0\u00a0\u00a0\u00a0\u00a0\u00a0\u00a0\u00a0\u00a0\u00a0\u00a0\u00a0\u00a0\u00a0\u00a0\u00a0\u00a0\u00a0\u00a0\u00a0\u00a0\u00a0\u00a0\u00a0\u00a0\u00a0\u00a0\u00a0\u00a0\u00a0\u00a0\u00a0\u00a0\u00a0\u00a0\u00a0\u00a0\u00a0\u00a0\u00a0\u00a0\u00a0\u00a0\u00a0 <\/strong>\u00a0 \u00a0 \u00a0 \u00a0 \u00a0 \u00a0 \u00a0 \u00a0 \u00a0 \u00a0 \u00a0 \u00a0 \u00a0 \u00a0<\/p>\r\n<p>Reinhold Feldmann war Sch\u00fcler des ehemaligen Fuldaer Domorganisten Prof. Erich Ackermann und als Pianist und Organist langj\u00e4hriger Begleiter der \u201eM\u00fcnchner Chorbuben\u201c auf deren Konzertreisen im In- und Ausland.\u00a0 \u00a0 \u00a0 \u00a0 \u00a0 \u00a0 \u00a0 \u00a0 \u00a0 \u00a0 \u00a0 \u00a0 \u00a0 \u00a0 \u00a0 \u00a0 \u00a0 \u00a0 \u00a0 \u00a0 \u00a0 \u00a0 \u00a0 \u00a0 \u00a0 \u00a0 \u00a0 \u00a0 \u00a0 \u00a0 \u00a0 \u00a0 \u00a0 \u00a0 \u00a0 \u00a0 \u00a0 \u00a0 \u00a0 \u00a0 \u00a0 \u00a0 \u00a0 \u00a0 \u00a0 \u00a0 \u00a0 \u00a0 \u00a0 \u00a0 \u00a0 \u00a0 \u00a0 \u00a0 \u00a0 \u00a0 \u00a0 \u00a0 \u00a0 \u00a0 \u00a0 \u00a0 \u00a0 \u00a0 Er studierte in Frankfurt Theologie und Musikwissenschaft sowie an der MHS in Ffm Schul- und Kirchenmusik (Orgel bei Prof. Edgar Krapp). Bei Prof. Helmuth Rilling legte er sein Konzertexamen im Fach \u201eChorleitung\u201c ab.<\/p>\r\n<p>Viele Jahre sang er in den von Helmuth Rilling geleiteten Ch\u00f6ren \u201eFrankfurter Kantorei\u201c und \u201eG\u00e4chinger Kantorei\u201c, nahm an zahlreichen Konzertreisen in alle Welt teil und wirkte h\u00e4ufig bei CD-, Rundfunk- und Fernsehaufnahmen mit. Regelm\u00e4\u00dfig konzertierte er auch im Extrachor der Bamberger Symphoniker unter namhaften Dirigenten wie Guiseppe Sinopoli, Zubin Metha, Sir Roger Norrington, Ingo Metzmacher u.a.<\/p>\r\n<p>In den Jahren 1978 bis 1991 war er Lehrbeauftragter an der Musikhochschule Frankfurt f\u00fcr die F\u00e4cher \u201eSchulpraktisches Spiel\u201c und \u201eGeh\u00f6rbildung\u201c.<\/p>\r\n<p>Von 1982 bis 2011 dirigierte Chordirektor Feldmann den \u201eSt\u00e4dtischen Konzertchor Winfridia Fulda\u201c und konzertierte mit ihm auch in mehreren L\u00e4ndern (u.a. in Israel, Italien, Schweiz, Frankreich).<\/p>\r\n<p>Er zeichnete im Laufe dieser Zeit f\u00fcr zahlreiche Neueinstudierungen und Erstauff\u00fchrungen f\u00fcr Fulda sowie f\u00fcr die Urauff\u00fchrung des Oratoriums \u201eDer ewige Kreis\u201c von Fritz Rothschuh verantwortlich.\u00a0 \u00a01997 wurde ihm von der \u201eArbeitsgemeinschaft der Deutschen Chorverb\u00e4nde\u201c der Titel \u201eChordirektor\u201c verliehen.<\/p>\r\n<p>Ab 1982 unterrichtete er an der Winfriedschule Fulda die F\u00e4cher Musik und Katholische Religion; 2004\/05 wechselte er an die Freiherr-vom-Stein-Schule Fulda. 1983 gr\u00fcndete er den \u201eChor der Winfriedschule Fulda\u201c (u.a. 1. Preis beim Europ\u00e4ischen Schulchorwettbewerb in Litauen, zwei Konzertreisen in die USA mit Auftritten in der National Cathedral \/ Washington sowie im Wei\u00dfen Haus; zwei Konzertreisen nach Litauen, mehrere Oratorien- &amp; Opernauff\u00fchrungen, zahlreiche geistliche und weltliche Konzerte).<\/p>\r\n<p>Zusammen mit seiner Ehefrau Brigitte Gro\u00df-Feldmann leitete er jahrelang den von ihr gegr\u00fcndeten \u201eKinderchor St. Bonifatius Fulda\u201c, der zahlreiche Preise bei nationalen und internationalen Wettbewerben errang, vier CDs produzierte und auch bei mehreren Rundfunk- und Fernsehsendungen mitwirkte sowie Konzertreisen ins In-und Ausland unternahm (u. a. auch nach Mallorca und China).<\/p>\r\n<p>Sein gro\u00dfes Anliegen ist weiterhin die F\u00f6rderung von musikalisch begabten und interessierten Kindern und Jugendlichen. Zahlreiche seiner Sch\u00fclerinnen und Sch\u00fcler sind Preistr\u00e4ger von Wettbewerben (Klavier und Orgel), haben Musik studiert und sind Musikdozenten bzw. Musiklehrer geworden.<\/p>\r\n<p><strong>Motto:<\/strong> \u00a0\u00a0\u00a0\u00a0\u00a0\u00a0\u00a0\u00a0\u00a0\u00a0\u00a0\u00a0\u00a0\u00a0\u00a0 Wer die Musik liebt, kann nie ganz ungl\u00fccklich werden<em>.\u00a0\u00a0 Franz Schubert (1797-1828)<\/em><\/p>\r\n<p>&nbsp;<\/p>\r\n<p><strong><span style=\"color: #000000;\">Frydrych, Ulrike<\/span><\/strong><\/p>\r\n<p><span style=\"color: #000000;\">Unterrichtsf\u00e4cher: Gitarre, E-Gitarre, Querfl\u00f6te, Klavier<br \/>Unterrichtsorte: Eiterfeld (Lichtbergschule), H\u00fcnfeld (Johann-Adam-F\u00f6rster-Schule)<br \/><\/span><\/p>\r\n<p><span style=\"color: #000000;\">Dipl.-Kulturp\u00e4dagogin<\/span><\/p>\r\n<p><span style=\"color: #000000;\">Ich unterrichte seit 1990 am Fachbereich Musikerziehung der VHS des Landkreises Fulda Gitarre und E-Gitarre, Klavier, Querfl\u00f6te.<br \/>F\u00fcr das Studium der Kulturp\u00e4dagogik w\u00e4hlte ich als Hauptfach Musik und Auditive Kommunikation mit den instrumentalen Schwerpunkten Gitarre und Querfl\u00f6te.<br \/>Gleichzeitig absolvierte ich eine mehrw\u00f6chige Fortbildung &#8222;Bewegungserziehung und Tanz&#8220; an der Akademie Remscheid.<br \/>Vor und w\u00e4hrend des Studiums war ich bereits als Dozentin an der VHS Hildesheim, an der Musikschule Elze und anderen Einrichtungen (u.a. auf Burg F\u00fcrsteneck im Landkreis Fulda) t\u00e4tig mit Kursen f\u00fcr Franz\u00f6sische Volkst\u00e4nze, Tanzimprovisation, Musikimproviastion, Gitarrenunterricht.<\/span><\/p>\r\n<p><span style=\"color: #000000;\">\u00a0<\/span><span style=\"color: #000000;\"><strong>Gebauer, Petra<\/strong><\/span><\/p>\r\n<p><span style=\"color: #000000;\">Unterrichtsfach: Klavier, Musiktheorie<br \/>Unterrichtsorte: Eiterfeld (Lichtbergschule), Burghaun-Steinbach (Grundschule)<br \/><\/span><\/p>\r\n<p><span style=\"color: #000000;\">1970-1975 Studium der Musikp\u00e4dagogik &#8211; Hauptfach Klavier, Nebenfach Blockfl\u00f6te,<br \/>seit 1981 Musikdozentin bei der VHS des Landkreises Fulda.<\/span><\/p>\r\n<p><span style=\"color: #000000;\">Ich erteile Klavierunterricht f\u00fcr Interessierte ab 5 Jahre f\u00fcr Anf\u00e4nger, Fortgeschrittene und Wiedereinsteiger im Einzel- und Kleingruppenunterricht.<br \/>Besonders gern unterrichte ich Harmonielehre, Geh\u00f6rbildung und Kompositionslehre; auch Liedbegleitung und Vorbereitung zum Studium erm\u00f6gliche ich.<br \/>Das K\u00f6nnen der Sch\u00fcler darf auf einem j\u00e4hrlich stattfindenden Konzert pr\u00e4sentiert werden.<\/span><\/p>\r\n<p><strong><span style=\"color: #000000;\"><br \/>Gen\u00dfler, Martin<\/span><\/strong><\/p>\r\n<p><span style=\"color: #000000;\">Unterrichtsf\u00e4cher: Tenorhorn, Posaune, Tuba, <\/span><span style=\"color: #000000;\">Trompete, Horn, Euphonium<br \/>Unterrichtsort: Eiterfeld (Lichtbergschule), N\u00fcsttal-Hofaschenbach (Grundschule), N\u00fcsttal-Silges, H\u00fcnfeld-Mackenzell, H\u00fcnfeld (Wigbertschule)<br \/><\/span><\/p>\r\n<p><strong><span style=\"color: #000000;\"><br \/>Gen\u00dfler, Willi\u00a0<\/span><\/strong><\/p>\r\n<p><span style=\"color: #000000;\">Unterrichtsf\u00e4cher: Klarinette, Tenorsaxophon, Altsaxophon, Querfl\u00f6te<br \/>Unterrichtsorte: H\u00fcnfeld (Jahnschule und Wigbertschule), H\u00fcnfeld-Mackenzell, Eiterfeld-Gro\u00dfentaft (Grundschule), Poppenhausen (DGH), N\u00fcsttal-Hofaschenbach, N\u00fcsttal-Silges<\/span><\/p>\r\n<p><strong><span style=\"color: #000000;\"><br \/>Golling, Peter<\/span><\/strong><\/p>\r\n<p><span style=\"color: #000000;\">Unterrichtsf\u00e4cher: Trompete, Fl\u00fcgelhorn,<\/span> <span style=\"color: #000000;\">Basstuba, Posaune<br \/>Unterrichtsorte: Eichenzell, Gro\u00dfenl\u00fcder, K\u00fcnzell<\/span><\/p>\r\n<p><strong><span style=\"color: #000000;\"><br \/>Greifensteiner, Markus<\/span><\/strong><\/p>\r\n<p><span style=\"color: #000000;\">Unterrichtsfach: Schlagzeug,<br \/>Unterrichtsort: Fulda (Infozentrum)<br \/><\/span><\/p>\r\n<div id=\"attachment_419\" style=\"width: 310px\" class=\"wp-caption alignright\"><a href=\"http:\/\/musik-landkreis-fulda.de\/wp-content\/uploads\/2014\/02\/greifensteiner_markus.jpg\"><img loading=\"lazy\" decoding=\"async\" aria-describedby=\"caption-attachment-419\" class=\"wp-image-419 size-medium\" title=\"Markus Greifensteiner\" src=\"http:\/\/musik-landkreis-fulda.de\/wp-content\/uploads\/2014\/02\/greifensteiner_markus-300x199.jpg\" alt=\"greifensteiner_markus\" width=\"300\" height=\"199\" srcset=\"https:\/\/www.musik-landkreis-fulda.de\/web\/wp-content\/uploads\/2014\/02\/greifensteiner_markus-300x199.jpg 300w, https:\/\/www.musik-landkreis-fulda.de\/web\/wp-content\/uploads\/2014\/02\/greifensteiner_markus-700x466.jpg 700w, https:\/\/www.musik-landkreis-fulda.de\/web\/wp-content\/uploads\/2014\/02\/greifensteiner_markus.jpg 800w\" sizes=\"auto, (max-width: 300px) 100vw, 300px\" \/><\/a><p id=\"caption-attachment-419\" class=\"wp-caption-text\">Bildnachweis: M. Greifensteiner<\/p><\/div>\r\n<p><span style=\"color: #000000;\">Abschl\u00fcsse:<br \/>&#8211; Diplom Orchestermusiker (Pauke\/Schlagzeug)<br \/>&#8211; Staatlich gepr\u00fcfter Leiter in der Laienmusik<\/span><\/p>\r\n<p><span style=\"color: #000000;\">Ausbildung:<\/span><br \/><span style=\"color: #000000;\">08\/1997-08\/1999\u00a0 Berufsfachschule f\u00fcr Musik Bad K\u00f6nigshofen<\/span><br \/><span style=\"color: #000000;\">(Abschluss: Staatl. gepr\u00fcfter Leiter in der Laienmusik) <\/span><br \/><span style=\"color: #000000;\">Schlagzeug bei Martin Amthor<\/span><\/p>\r\n<p><span style=\"color: #000000;\">10\/1999-08\/2000\u00a0 Hochschule f\u00fcr Musik \u201eHanns Eisler\u201c Berlin<br \/>1.-2. Semester (bei Rainer Seegers\/Edgar Guggeis)<\/span><\/p>\r\n<p><span style=\"color: #000000;\">09\/2000-07\/2001\u00a0 Zivildienst<\/span><\/p>\r\n<p><span style=\"color: #000000;\">09\/2001-09\/2002\u00a0 Hochschule f\u00fcr Musik \u201eHanns Eisler\u201c Berlin<br \/>3.-4. Semester<\/span><\/p>\r\n<p><span style=\"color: #000000;\">10\/2002-03\/2006\u00a0 Universit\u00e4t der K\u00fcnste Berlin (bei Thomas Lutz\/David Punto<br \/>Abschluss: Diplom Orchestermusiker)<\/span><\/p>\r\n<p><span style=\"color: #000000;\">Praktika:\u00a0\u00a0\u00a0\u00a0\u00a0\u00a0 <\/span><br \/><span style=\"color: #000000;\">02\/2004 \u2013 01\/2005\u00a0 einj\u00e4hriges Praktikum bei der Jenaer Philharmonie als Orchesterschlagzeuger<\/span><\/p>\r\n<p><span style=\"color: #000000;\">Berufst\u00e4tigkeit:<\/span><br \/><span style=\"color: #000000;\"> 04\/2006-08\/2010 Lehrer f\u00fcr Schlagzeug an den Musikschulen Altdorf und Rottenburg (VdM-Musikschule) in Niederbayern mit Leitung eines Percussionensembles<\/span><\/p>\r\n<p><span style=\"color: #000000;\">05\/2006-07\/2006 Lehramtsvertretung im Fach Musik\/Gymnasium Hammelburg<\/span><\/p>\r\n<p><span style=\"color: #000000;\">09\/2010-12\/2010 Dozent am Brahms Konservatorium Hamburg im Fach Schlagzeug, Lehrer f\u00fcr Schlagzeug an der Yamaha Musikschule Norderstedt und Creative Music School\/Hamburg<\/span><\/p>\r\n<p><span style=\"color: #000000;\">seit 01\/2011\u00a0 Schlagzeuglehrer an der VHS des Landkreises Fulda sowie diversen anderen Musikschulen, Mitwirkung in regionalen Blaskapellen und \u00fcberregionalen Ensembles, z.B. in folgendenOrchestern:\u00a0\u00a0\u00a0\u00a0 <\/span><br \/><span style=\"color: #000000;\">Berliner Symphoniker, Rias Jugendorchester Berlin, Sinfonieorchester des Jugendfestspieltreffens Bayreuth, Bayerisches Kammerorchester Bad Br\u00fcckenau<\/span><\/p>\r\n<p><span style=\"color: #000000;\">au\u00dferdem:\u00a0\u00a0\u00a0\u00a0<\/span><br \/><span style=\"color: #000000;\">Mitwirkung in mehreren Percussionensembles, der Bigband der Berufsfachschule, Kapellen, Orchestern und Bands, bei Rundfunk- und Filmaufnahmen (Dokumentarfilme) und CD-Produktionen, Dirigiert\u00e4tigkeiten bei Blasorchestern und Ch\u00f6ren, Auftritte in der Berliner und K\u00f6lner Philharmonie, dem WDR-Aufnahmesaal und der Konzerthalle Bamberg etc.<\/span><\/p>\r\n<p>Gesangsunterricht genoss er an der Berufsfachschule f\u00fcr Musik in Bad K\u00f6nigshofen bei Sebastian Eicke und sammelte Chor- sowie Chorleitungserfahrungen im dortigen Chor der Berufsfachschule.<\/p>\r\n<p>Die Klavier\/Keyboard Ausbildung erfolgte an der Berufsfachschule f\u00fcr Musik Bad K\u00f6nigshofen, sowie an den Musikhochschulen &#8222;Hans Eisler&#8220; und UdK Berlin.<\/p>\r\n<p>Blockfl\u00f6tenunterricht erhielt er an der Grundschule in Sch\u00f6nderling, sowie sp\u00e4ter erweitert von Karin Ulsamer, ihrerseits Soloklarinettistin am Theater Bad Reichenhall.<\/p>\r\n<p><span style=\"color: #000000;\">Leidenschaftlicher Musiker seit dem sechsten Lebensjahr.<\/span><\/p>\r\n<p>&nbsp;<\/p>\r\n<p><strong>Brigitte Gro\u00df-Feldmann<\/strong><\/p>\r\n<p><strong>Unterrichtsfach: Gesang<\/strong><\/p>\r\n<p><strong>Unterrichtsorte: Fulda, Neuhof<\/strong><\/p>\r\n<p><strong>Vita\u00a0\u00a0\u00a0\u00a0\u00a0\u00a0\u00a0\u00a0\u00a0\u00a0\u00a0\u00a0\u00a0\u00a0\u00a0\u00a0\u00a0\u00a0\u00a0\u00a0\u00a0\u00a0\u00a0\u00a0\u00a0\u00a0\u00a0\u00a0\u00a0\u00a0\u00a0\u00a0\u00a0\u00a0 \u00a0\u00a0\u00a0\u00a0\u00a0\u00a0\u00a0\u00a0\u00a0\u00a0\u00a0\u00a0\u00a0\u00a0\u00a0\u00a0\u00a0\u00a0\u00a0\u00a0\u00a0\u00a0\u00a0\u00a0\u00a0\u00a0\u00a0\u00a0\u00a0\u00a0\u00a0\u00a0\u00a0\u00a0\u00a0\u00a0\u00a0\u00a0\u00a0\u00a0\u00a0\u00a0\u00a0\u00a0\u00a0\u00a0 \u00a0\u00a0\u00a0\u00a0\u00a0\u00a0\u00a0\u00a0\u00a0\u00a0 <\/strong><\/p>\r\n<p>Brigitte Gro\u00df-Feldmann erhielt ihren ersten Gesangsunterricht bei Prof. Jen\u00f6 Bernat an der Musikhochschule Frankfurt a.M. Sie erhielt nach dem Studium der Gesangsp\u00e4dagogik bei Gerda Lammers und Karin Eickstaedt das Staatliche Musiklehrer-Diplom.<\/p>\r\n<p>Nach dem Studium besuchte sie Meisterkurse bei namhaften Gesangssolisten wie u.a. bei Julia Hamari, Monika Drux und Moises Parker und war Stipendiatin des Richard-Wagner-Verbandes sowie Finalistin des Bundeswettbewerbs Gesang VDMK in Berlin.<\/p>\r\n<p>Neben ihrer solistischen T\u00e4tigkeit mit Schwerpunkt Oratorium und Lied sang sie viele Jahre in den von Helmuth Rilling geleiteten Ch\u00f6ren \u201eFrankfurter Kantorei\u201c und \u201eG\u00e4chinger Kantorei\u201c mit, nahm an zahlreichen Konzertreisen in alle Welt teil und wirkte dort bei CD-, Rundfunk- und Fernseh-Aufnahmen mit.<\/p>\r\n<p>Regelm\u00e4\u00dfig konzertierte sie auch im Extrachor der Bamberger Symphoniker unter namhaften Dirigenten wie Guiseppe Sinopoli, Zubin Metha, Sir Roger Norrington, Ingo Metzmacher u.a.<\/p>\r\n<p>Schwerpunkt ihrer p\u00e4dagogischen T\u00e4tigkeit an der Kreismusikschule Fulda ist die stimmliche Ausbildung im Fach Gesang f\u00fcr Kinder, Jugendliche und Erwachsene sowie eine allgemeine musikalische Erziehung. Sie erarbeitet mit ihren Sch\u00fclern regelm\u00e4\u00dfige Konzertprogramme und bereitet angehende Musikstudenten auf die Aufnahmepr\u00fcfung an Musikhochschulen vor. \u00a0\u00a0\u00a0\u00a0\u00a0\u00a0\u00a0\u00a0Zahlreiche ihrer Sch\u00fcler sind erste Preistr\u00e4ger beim Bundeswettbewerb \u201eJugend musiziert\u201c, sowohl solistisch als auch in Vokalensembles. Ein Sch\u00fcler erreichte als j\u00fcngster Teilnehmer den ersten Preis und Sonderpreis beim VDMK an der Deutschen Oper in Berlin.<\/p>\r\n<p>Mehrfach war sie als Jurorin beim Landeswettbewerb \u201eJugend musiziert\u201c t\u00e4tig.<\/p>\r\n<p>Einige ihrer ehemaligen Gesangssch\u00fclerinnen singen inzwischen erfolgreich auf Theaterb\u00fchnen und im Bereich des oratorischen Konzertgesangs bzw. wirken als Gesangsp\u00e4dagogen und in Vokalensembles.<\/p>\r\n<p>Zusammen mit ihrem Ehemann Reinhold Feldmann leitete sie den von ihr gegr\u00fcndeten \u201eKinderchor St. Bonifatius Fulda\u201c von 1985 \u2013 2016, der zahlreiche Preise bei nationalen und internationalen Wettbewerben errang, vier CDs produzierte sowie auch bei mehreren Rundfunk- und Fernsehsendungen mitwirkte sowie Konzertreisen ins In- und Ausland (u.a. nach Frankreich, \u00d6sterreich, Mallorca, China) unternahm.<\/p>\r\n<p><strong>Motto:<\/strong> \u00a0 Singe, wem Gesang gegeben!\u00a0\u00a0\u00a0 Ludwig Uhland (1787-1862)<\/p>\r\n<p><strong><span style=\"color: #000000;\">\u00a0<\/span><\/strong><\/p>\r\n<p><strong><img loading=\"lazy\" decoding=\"async\" class=\"size-medium wp-image-1068 alignright\" src=\"https:\/\/www.musik-landkreis-fulda.de\/web\/wp-content\/uploads\/2024\/06\/11.01.2024-Foto-Haeberlein-AllgemeinSonstiges-225x300.jpg\" alt=\"\" width=\"225\" height=\"300\" \/><br \/><\/strong><\/p>\r\n<p>&nbsp;<\/p>\r\n<p><strong>Unterrichtsorte: Gersfeld (Rh\u00f6nschule)<\/strong><\/p>\r\n<p><strong><span style=\"color: #000000;\">Hei\u00df, Ilona<\/span><\/strong><\/p>\r\n<p><span style=\"color: #000000;\">Unterrichtsfach: Gitarre<br \/>Unterrichtsorte: Burghaun, Burghaun-Steinbach (Grundschule)<br \/><\/span><\/p>\r\n<p>&nbsp;<\/p>\r\n<p><strong>Vera Jahn<img loading=\"lazy\" decoding=\"async\" class=\" wp-image-1134 alignright\" src=\"https:\/\/www.musik-landkreis-fulda.de\/web\/wp-content\/uploads\/2014\/02\/15.03.2024-Foto-V.-Jahn-AllgemeinSonstiges-225x300.jpg\" alt=\"\" width=\"243\" height=\"324\" srcset=\"https:\/\/www.musik-landkreis-fulda.de\/web\/wp-content\/uploads\/2014\/02\/15.03.2024-Foto-V.-Jahn-AllgemeinSonstiges-225x300.jpg 225w, https:\/\/www.musik-landkreis-fulda.de\/web\/wp-content\/uploads\/2014\/02\/15.03.2024-Foto-V.-Jahn-AllgemeinSonstiges.jpg 480w\" sizes=\"auto, (max-width: 243px) 100vw, 243px\" \/><\/strong><\/p>\r\n<p><strong>Unterrichtsfach: Blockfl\u00f6te<\/strong><\/p>\r\n<p><strong>Unterrichtsort: Petersberg, Fulda Ch\u00f6re am Dom<\/strong><\/p>\r\n<p>&nbsp;<\/p>\r\n<p>&nbsp;<\/p>\r\n<p>&nbsp;<\/p>\r\n<p>Erste musikalische Impulse erhielt Vera Jahn am Konservatorium G.F. H\u00e4ndel ihrer Heimatstadt Halle\/Saale. Nach dem Abitur folgte ein Studium der Alten Musik mit dem Hauptfach Blockfl\u00f6te an der HMT Leipzig bei Robert Ehrlich von 1998 &#8211; 2004. Im direkten Anschluss an ihr Diplom begann sie, als Blockfl\u00f6tenbauerin im Bereich Intonation bei der Firma C. Mollenhauer GmbH in Fulda zu arbeiten.<\/p>\r\n<p>Ihre Lehrt\u00e4tigkeit startete bereits im Jahr 2000 nebenberuflich an verschiedenen Musikschulen und privat. An der KreisMusikSchule Fulda unterrichtet sie seit 2024.<\/p>\r\n<p>Regelm\u00e4\u00dfig musiziert Vera Jahn in reinen Blockfl\u00f6tenensembles wie dem Mollenhauer-Quartett sowie gemischten Alte Musik-Formationen z.B. dem Salvatoris Consort. Das Singen im Chor ist ihr ebenfalls wichtig. So singt sie im Domchor Fulda und anderen Projektch\u00f6ren im Sopran.<\/p>\r\n<p><strong>Schwerpunkt:\u00a0\u00a0<\/strong>\u00a0\u00a0\u00a0\u00a0\u00a0\u00a0\u00a0\u00a0\u00a0\u00a0\u00a0\u00a0\u00a0\u00a0\u00a0\u00a0 Blockfl\u00f6teneinzelunterricht f\u00fcr Fortgeschrittene und Anf\u00e4nger, gerne auch f\u00fcr Wiedereinsteigende und ggf. Blockfl\u00f6ten-Ensemble\u00a0<\/p>\r\n<p>\u00a0\u00a0\u00a0\u00a0\u00a0\u00a0\u00a0\u00a0\u00a0\u00a0\u00a0\u00a0\u00a0\u00a0\u00a0\u00a0\u00a0\u00a0\u00a0\u00a0\u00a0\u00a0\u00a0\u00a0\u00a0\u00a0\u00a0\u00a0\u00a0\u00a0\u00a0\u00a0\u00a0\u00a0\u00a0\u00a0\u00a0\u00a0\u00a0\u00a0\u00a0\u00a0\u00a0\u00a0\u00a0\u00a0 Arbeitsfelder sind eine differenzierte Artikulation, gesunde Atem- und Fingertechnik, gesangliche Phrasierung, Einordnung der Literatur in den historischen Kontext und die Freude am pers\u00f6nlichen Ausdruck<\/p>\r\n<p><strong>Motto:\u00a0\u00a0<\/strong>\u00a0\u00a0\u00a0\u00a0\u00a0\u00a0\u00a0\u00a0\u00a0\u00a0\u00a0\u00a0\u00a0\u00a0\u00a0\u00a0\u00a0\u00a0\u00a0\u00a0\u00a0\u00a0\u00a0\u00a0\u00a0\u00a0\u00a0\u00a0\u00a0\u00a0 \u201eSingen ist das Fundament der Musik in allen Dingen. Wer die Composition ergreifft, mu\u00df in seinen S\u00e4tzen singen. Wer auf Instrumenten spielt, mu\u00df des Singens k\u00fcndig seyn. Also pr\u00e4ge man das Singen jungen Leuten flei\u00dfig ein.\u201c G.Ph. Telemann<\/p>\r\n<p>&nbsp;<\/p>\r\n<p>&nbsp;<\/p>\r\n<p><span style=\"color: #000000;\"><strong>Jehn, Mike<\/strong><\/span><\/p>\r\n<p align=\"left\"><span style=\"color: #000000;\">Unterrichtsfach: E-Gitarre<img loading=\"lazy\" decoding=\"async\" class=\"alignright wp-image-421 size-medium\" src=\"https:\/\/www.musik-landkreis-fulda.de\/web\/wp-content\/uploads\/2014\/02\/jehn_mike1-300x225.jpg\" alt=\"\" width=\"300\" height=\"225\" srcset=\"https:\/\/www.musik-landkreis-fulda.de\/web\/wp-content\/uploads\/2014\/02\/jehn_mike1-300x225.jpg 300w, https:\/\/www.musik-landkreis-fulda.de\/web\/wp-content\/uploads\/2014\/02\/jehn_mike1.jpg 640w\" sizes=\"auto, (max-width: 300px) 100vw, 300px\" \/><br \/>Unterrichtsort: Eiterfeld (Lichtbergschule)<br \/><\/span><\/p>\r\n<p><span style=\"color: #000000;\">Mike Jehn, der Musik-Profi aus Fulda, ist Multi-Instrumentalist: 6- und 12-saitige Gitarre, E-Gitarre, Banjo, Steelguitar, Bass, Mundharmonika und Ukulele beherrscht er virtuos und gekonnt.<\/span><br \/><span style=\"color: #000000;\">Seit \u00fcber 40 Jahren betritt Mike Jehn mit seiner Gitarre die verschiedensten B\u00fchnen im In- und Ausland. So hat er sein Publikum u.a. schon in Brasilien, Canada, Namibia, Frankreich, Griechenland und Spanien unterhalten.<\/span><\/p>\r\n<p><span style=\"color: #000000;\">Konzerte mit Thomas Anders, Hugo Strasser, den Geschwistern Hofmann, Ambros Seelos, Arlo Guthrie, Chris Andrews, The Platters und The Lords waren genauso darunter wie mit Tony Sheridan, den er auf seiner Deutschlandtournee begleitete. Auch Harald Juhnke, Tony Marshall und Gaby Baginsky haben seine gefragten K\u00fcnste als Gitarrist in Anspruch genommen.<\/span><\/p>\r\n<p><span style=\"color: #000000;\">Rock, Rock &#8217;n&#8216; Roll, Blues, Country, Jazz, Gypsy-Jazz, Bossa-Nova und Finger-Picking im Stil von Chet Atkins mit Daumenba\u00df und gleichzeitig gespielter Melodie geh\u00f6ren zu seinen Spezialit\u00e4ten.<br \/>Mike Jehn arbeitet seit 1987 als Lehrer bei der VHS, unterrichtet Akustik- und E-Gitarre f\u00fcr Anf\u00e4nger, Fortgeschrittene und Wiedereinsteiger und gibt Gruppenkurse in Liedbegleitung.<\/span><\/p>\r\n<p><strong><span style=\"color: #000000;\">\u00a0<\/span><\/strong><\/p>\r\n<p><b>Kim, Leo Dongbin<img loading=\"lazy\" decoding=\"async\" class=\" wp-image-1070 alignright\" src=\"https:\/\/www.musik-landkreis-fulda.de\/web\/wp-content\/uploads\/2014\/02\/16.01.2024-Foto-Dongbin-Leo-Kim-AllgemeinSonstiges-300x186.png\" alt=\"\" width=\"397\" height=\"246\" srcset=\"https:\/\/www.musik-landkreis-fulda.de\/web\/wp-content\/uploads\/2014\/02\/16.01.2024-Foto-Dongbin-Leo-Kim-AllgemeinSonstiges-300x186.png 300w, https:\/\/www.musik-landkreis-fulda.de\/web\/wp-content\/uploads\/2014\/02\/16.01.2024-Foto-Dongbin-Leo-Kim-AllgemeinSonstiges-1024x634.png 1024w, https:\/\/www.musik-landkreis-fulda.de\/web\/wp-content\/uploads\/2014\/02\/16.01.2024-Foto-Dongbin-Leo-Kim-AllgemeinSonstiges-768x476.png 768w, https:\/\/www.musik-landkreis-fulda.de\/web\/wp-content\/uploads\/2014\/02\/16.01.2024-Foto-Dongbin-Leo-Kim-AllgemeinSonstiges-1536x951.png 1536w, https:\/\/www.musik-landkreis-fulda.de\/web\/wp-content\/uploads\/2014\/02\/16.01.2024-Foto-Dongbin-Leo-Kim-AllgemeinSonstiges-700x433.png 700w, https:\/\/www.musik-landkreis-fulda.de\/web\/wp-content\/uploads\/2014\/02\/16.01.2024-Foto-Dongbin-Leo-Kim-AllgemeinSonstiges.png 1573w\" sizes=\"auto, (max-width: 397px) 100vw, 397px\" \/><\/b><\/p>\r\n<p><span style=\"color: #000000;\">Unterrichtsf\u00e4cher: Klavier<\/span><\/p>\r\n<p><span style=\"color: #000000;\">Unterrichtsorte: Fulda, Ch\u00f6re am Dom<\/span><\/p>\r\n<p><strong>\u00a0<\/strong><\/p>\r\n<p>&nbsp;<\/p>\r\n<p><strong><span style=\"color: #000000;\">Koch, Lidia<\/span><\/strong><\/p>\r\n<p><span style=\"color: #000000;\">Unterrichtsfach: Violine<br \/>Unterrichtsort: K\u00fcnzell-Pilgerzell, Fulda (Infozentrum)\u00a0\u00a0<\/span><\/p>\r\n<p><strong><span style=\"color: #000000;\"><br \/>Kr\u00f6nung, Ute<\/span><\/strong><\/p>\r\n<p><span style=\"color: #000000;\">Unterrichtsfach:\u00a0Saxofon<br \/>Unterrichtsort: Ebersburg-Schmalnau<\/span><\/p>\r\n<p><strong><span style=\"color: #000000;\"><br \/>Kulla, Josef<\/span><\/strong><\/p>\r\n<p><span style=\"color: #000000;\">Unterrichtsfach: Trompete<br \/>Unterrichtsort: Eichenzell (Grundschule), Neuhof (Johannes-Kepler-Schule)<br \/><\/span><\/p>\r\n<div style=\"width: 310px\" class=\"wp-caption alignright\"><img loading=\"lazy\" decoding=\"async\" title=\"Josef Kulla\" src=\"http:\/\/musik-landkreis-fulda.de\/wp-content\/uploads\/2014\/02\/kulla_josef_400-300x226.jpg\" alt=\"kulla_josef_400\" width=\"300\" height=\"226\" \/><p class=\"wp-caption-text\">Bildnachweis: S. Gassner<\/p><\/div>\r\n<p><span style=\"color: #000000;\">Musikalische Ausbildung\/Werdegang<\/span><\/p>\r\n<p><span style=\"color: #000000;\">1977 &#8211; 1982<br \/>Trompetenunterricht beim Blasorchester Neuhof<br \/>Dozent: Winfried M\u00f6ller (Musikfachlehrer)<\/span><\/p>\r\n<p><span style=\"color: #000000;\">1985 \u2013 1989<br \/>Unterricht f\u00fcr klassische Trompete und logische Blechblasmethoden an der Musikschule der Stadt Fulda<br \/>Dozent: Professor Malte Burba (Heute: Hochschule f\u00fcr Musik in Mainz und Dresden)<\/span><\/p>\r\n<p><span style=\"color: #000000;\">1989 &#8211; 1990<cite><br \/><\/cite>Bundeswehr\/Grundwehrdienst beim Heeresmusikkorps 1 in Hannover<\/span><\/p>\r\n<p><span style=\"color: #000000;\">seit 1979<br \/>1. Trompeter beim Blasorchester in Neuhof<\/span><\/p>\r\n<p><span style=\"color: #000000;\">seit 1996<br \/>1. Trompeter der Rock und Soul Big Band &#8222;Vorsicht Gebl\u00e4se&#8220;<\/span><\/p>\r\n<p><span style=\"color: #000000;\">seit 1985<br \/>Dozent f\u00fcr Trompete an der KreisMusikSchule Fulda<\/span><\/p>\r\n<p><span style=\"color: #000000;\">\u00a0<\/span><\/p>\r\n<p><strong><span style=\"color: #000000;\"><br \/>Lange, Johannes<\/span><\/strong><\/p>\r\n<p><span style=\"color: #000000;\">Unterrichtsf\u00e4cher: Saxophon, Klarinette, Viola, Violine, Klavier<br \/>Unterrichtsorte: Eiterfeld (Lichtbergschule), Fulda (Infozentrum), Hofbieber, W\u00f6lf<br \/><\/span><\/p>\r\n<p>&nbsp;<\/p>\r\n<p><strong><span style=\"color: #000000;\"><br \/>Michelsons, Bodo<\/span><\/strong><\/p>\r\n<p><span style=\"color: #000000;\">Unterrichtsf\u00e4cher: Gitarre, E-Gitarre, E-Bass, Bluesharp<br \/>Unterrichtsorte: Ehrenberg-Seiferts, Gemeinde Eichenzell, Gemeinde Flieden, Fulda, Gemeinde Neuhof<br \/><\/span><\/p>\r\n<div id=\"attachment_544\" style=\"width: 235px\" class=\"wp-caption alignright\"><a href=\"http:\/\/www.musik-landkreis-fulda.de\/web\/wp-content\/uploads\/2014\/02\/Michelsons_Bodo.jpg\"><img loading=\"lazy\" decoding=\"async\" aria-describedby=\"caption-attachment-544\" class=\"wp-image-544 size-medium\" src=\"http:\/\/www.musik-landkreis-fulda.de\/web\/wp-content\/uploads\/2014\/02\/Michelsons_Bodo-225x300.jpg\" alt=\"Bodo Michelsons\" width=\"225\" height=\"300\" srcset=\"https:\/\/www.musik-landkreis-fulda.de\/web\/wp-content\/uploads\/2014\/02\/Michelsons_Bodo-225x300.jpg 225w, https:\/\/www.musik-landkreis-fulda.de\/web\/wp-content\/uploads\/2014\/02\/Michelsons_Bodo.jpg 480w\" sizes=\"auto, (max-width: 225px) 100vw, 225px\" \/><\/a><p id=\"caption-attachment-544\" class=\"wp-caption-text\">Bildnachweis: B. Michelsons<\/p><\/div>\r\n<p><span style=\"color: #000000;\">Bodo Michelsons spielt und unterrichtet neben E-Gitarre, E-Bass und Konzertgitarre noch Steelstring und Bluesharp<\/span><\/p>\r\n<p><span style=\"color: #000000;\">&#8211; Mitwirkung bei 4 CDs, 2 LPs<br \/>&#8211; diverse Auftritte in Fernseh und Rundfunk<br \/>&#8211; unz\u00e4hlige Livegigs in Clubs und auf Festivals in Deutschland, Holland und \u00d6sterreich<\/span><\/p>\r\n<p><span style=\"color: #000000;\">(DR. FEELGOOD &#8211; LOUISIANA RED &#8211; HAMBURG BLUESBAND &#8211; TONY SHERDAN &#8211; MUNGO JERRY etc.)<\/span><\/p>\r\n<p><span style=\"color: #000000;\">Schwerpunkte im eigenen Musizieren:<br \/>&#8211; Bluesrock, aber ebenso Country, Jazz<br \/>&#8211; Sintiswing im Stile Django Reinhard<br \/>&#8211; Rock, Metall etc. (Workshops bei Frank Haunschild)<br \/>&#8211; Folkblues im Stile Big Bill Broonzy sowie Dobro (Workshops bei Woody Mann)<\/span><\/p>\r\n<p><span style=\"color: #000000;\">Musikalischer Werdegang:<br \/>Intensive Besch\u00e4ftigung mit der Konzertgitarre im Rahmen mehrj\u00e4hrigern Unterrichts<br \/>bei renomierten Konzertgitarristen und Workshops unter anderem bei David Russell<\/span><\/p>\r\n<p><span style=\"color: #000000;\">Unterrichtet an Sonderschulen und Behinderteneinrichtungen<\/span><\/p>\r\n<p><span style=\"color: #000000;\">Bandcoach<\/span><\/p>\r\n<p><strong>Steffenhagen, Hans J\u00fcrgen<\/strong><\/p>\r\n<p>Unterrichtsf\u00e4cher: Klavier, Gitarre, Komposition<\/p>\r\n<p>Unterrichtsort: Tann, H\u00fcnfeld<\/p>\r\n<p>\u00a0\u00a0 \u00a0 \u00a0 \u00a0 \u00a0 \u00a0 \u00a0 \u00a0 \u00a0 \u00a0 \u00a0 \u00a0 \u00a0 \u00a0 \u00a0 \u00a0 \u00a0 \u00a0 \u00a0 \u00a0 \u00a0 \u00a0 \u00a0 \u00a0 \u00a0 \u00a0 \u00a0 \u00a0 \u00a0 \u00a0 \u00a0 \u00a0 \u00a0 \u00a0 \u00a0 \u00a0 \u00a0 \u00a0 \u00a0 \u00a0 \u00a0 \u00a0 \u00a0 \u00a0 \u00a0 \u00a0 \u00a0 \u00a0 \u00a0 \u00a0 \u00a0 \u00a0 \u00a0 \u00a0 \u00a0 \u00a0 \u00a0 \u00a0 \u00a0 \u00a0 \u00a0 \u00a0 \u00a0 \u00a0 \u00a0 \u00a0 \u00a0 \u00a0 <img loading=\"lazy\" decoding=\"async\" class=\"alignnone  wp-image-1419\" src=\"https:\/\/www.musik-landkreis-fulda.de\/web\/wp-content\/uploads\/2014\/02\/20251014-H.-J.-Steffenhagen-2-scaled.jpg\" alt=\"\" width=\"194\" height=\"258\" srcset=\"https:\/\/www.musik-landkreis-fulda.de\/web\/wp-content\/uploads\/2014\/02\/20251014-H.-J.-Steffenhagen-2-scaled.jpg 1925w, https:\/\/www.musik-landkreis-fulda.de\/web\/wp-content\/uploads\/2014\/02\/20251014-H.-J.-Steffenhagen-2-226x300.jpg 226w, https:\/\/www.musik-landkreis-fulda.de\/web\/wp-content\/uploads\/2014\/02\/20251014-H.-J.-Steffenhagen-2-770x1024.jpg 770w, https:\/\/www.musik-landkreis-fulda.de\/web\/wp-content\/uploads\/2014\/02\/20251014-H.-J.-Steffenhagen-2-768x1021.jpg 768w, https:\/\/www.musik-landkreis-fulda.de\/web\/wp-content\/uploads\/2014\/02\/20251014-H.-J.-Steffenhagen-2-1155x1536.jpg 1155w, https:\/\/www.musik-landkreis-fulda.de\/web\/wp-content\/uploads\/2014\/02\/20251014-H.-J.-Steffenhagen-2-1540x2048.jpg 1540w, https:\/\/www.musik-landkreis-fulda.de\/web\/wp-content\/uploads\/2014\/02\/20251014-H.-J.-Steffenhagen-2-700x931.jpg 700w\" sizes=\"auto, (max-width: 194px) 100vw, 194px\" \/><\/p>\r\n<p>Hans J\u00fcrgen Steffenhagen musiziert seit seiner Kindheit. Er spielt Klavier, Gitarre und Saxophon, komponiert, arrangiert, begleitet S\u00e4nger, leitet Ch\u00f6re und unterrichtet. Seine Ausbildung an der <a href=\"http:\/\/?\">Akademie f\u00fcr Tonkunst<\/a> in Darmstadt schloss er 1981 mit der staatlichen Pr\u00fcfung f\u00fcr Privatmusikerzieher ab. 2015 \u2013 2016 absolvierte er seine Ausbildung zum Chorleiter an der <a href=\"http:\/\/?\">KMF in Schl\u00fcchtern<\/a>.<\/p>\r\n<p>Liebe zur Musik, Neugier und der Wunsch, seinen musikalischen Horizont zu erweitern, f\u00fchrten zu einem privaten Kompositionsstudium bei dem Essener Komponisten <a href=\"http:\/\/?\">Juan Allende-Blin<\/a>.<\/p>\r\n<p>Schwerpunkt: Arbeit mit Kindern, Harmonielehre, Kontrapunkt, Arrangieren<\/p>\r\n<p>Motto: Wo man singt, da lass dich ruhig nieder. Nur b\u00f6se Menschen haben keine Lieder.<\/p>\r\n<p><strong>Sulima, Alex<\/strong><\/p>\r\n<p>Unterrichtsf\u00e4cher: Klavier, Musiktheorie;<img loading=\"lazy\" decoding=\"async\" class=\" wp-image-1130 alignright\" src=\"https:\/\/www.musik-landkreis-fulda.de\/web\/wp-content\/uploads\/2014\/02\/20.06.2024-Foto-Sulima-AllgemeinSonstiges-225x300.jpg\" alt=\"\" width=\"324\" height=\"432\" srcset=\"https:\/\/www.musik-landkreis-fulda.de\/web\/wp-content\/uploads\/2014\/02\/20.06.2024-Foto-Sulima-AllgemeinSonstiges-225x300.jpg 225w, https:\/\/www.musik-landkreis-fulda.de\/web\/wp-content\/uploads\/2014\/02\/20.06.2024-Foto-Sulima-AllgemeinSonstiges-768x1024.jpg 768w, https:\/\/www.musik-landkreis-fulda.de\/web\/wp-content\/uploads\/2014\/02\/20.06.2024-Foto-Sulima-AllgemeinSonstiges-700x933.jpg 700w, https:\/\/www.musik-landkreis-fulda.de\/web\/wp-content\/uploads\/2014\/02\/20.06.2024-Foto-Sulima-AllgemeinSonstiges.jpg 900w\" sizes=\"auto, (max-width: 324px) 100vw, 324px\" \/><\/p>\r\n<p>Unterrichtsorte: Fulda, Eichenzell<\/p>\r\n<p>Musik ist ein gro\u00dfer Teil meines Lebens. Meine erste musikalische Erfahrung sammelte ich in der Kindermusikschule, wo ich ab dem Alter von 6 Jahren Klavierunterricht erhielt. Vom 2011 bis 2015 studierte ich bei der Berufsfachschule f\u00fcr Musik in Fachrichtung \u201eMusikkunst\u201c, Schwerpunkt \u201eKlavier\u201c, wo ich mein Studium mit Auszeichnung absolvierte. Dort habe ich verschiedene Bereiche studiert, wie beispielsweise Elementare Musikp\u00e4dagogik, Psychologie und P\u00e4dagogik, P\u00e4dagogisches Praktikum etc.\u00a0 Vom 2015 bis 2019 studierte ich an der Nationalen Musikakademie P.I. Tschajkowskyj der Ukraine und erhielt meine Berufsqualifikation als Musiker-Solist- Instrumentalist, Konzertmeister, Ensemblemusiker und Lehrer der Musikschulen.<\/p>\r\n<p>2017-2019: P\u00e4dagogisches Praktikum an der Nationalen Musikakademie P.I.Tschajkowskyj<\/p>\r\n<p>2020-2022: Lehrer f\u00fcr Klavier und Konzertmeisterklasse an der Kindermusikschule 2<\/p>\r\n<p>2021- Teilnahme an Fortbildung zur Verbesserung der Unterrichtsmethoden des Klavierunterrichts und der Begleittechnik an Musikschulen.<\/p>\r\n<p>2021 \u00abVII Internationaler Festivalwettbewerb Soloviov-ART\u00bb : Auszeichnung f\u00fcr hohe Fachkompetenz, einen wesentlichen Beitrag zur Bildung junger Menschen und aktive Mitarbeit zwischen Kindern und Jugendlichen<\/p>\r\n<p><strong>Motto:<\/strong> \u201eDie Musik dr\u00fcckt das aus, was nicht gesagt werden kann und wor\u00fcber zu schweigen unm\u00f6glich ist\u201c. \u00a0Viktor Hugo (1802-1885)<\/p>\r\n<p>__________________________________________________________________________<\/p>\r\n<p><strong>Tony Osanah<img loading=\"lazy\" decoding=\"async\" class=\" wp-image-1077 alignright\" src=\"https:\/\/www.musik-landkreis-fulda.de\/web\/wp-content\/uploads\/2014\/02\/Osanah-Bild-300x218.jpg\" alt=\"\" width=\"405\" height=\"294\" srcset=\"https:\/\/www.musik-landkreis-fulda.de\/web\/wp-content\/uploads\/2014\/02\/Osanah-Bild-300x218.jpg 300w, https:\/\/www.musik-landkreis-fulda.de\/web\/wp-content\/uploads\/2014\/02\/Osanah-Bild.jpg 592w\" sizes=\"auto, (max-width: 405px) 100vw, 405px\" \/><\/strong><\/p>\r\n<p>Unterrichtsfach: Gitarre<\/p>\r\n<p>Unterrichtsort: Neuhof Hattenhof<span style=\"color: #000000;\">\u00a0<\/span><\/p>\r\n<div class=\"section-column maincontent-wrap\">\r\n<div id=\"c602\" class=\" frame frame-default frame-type-textpic frame-layout-default frame-size-default frame-height-default frame-background-none frame-space-before-none frame-space-after-none frame-no-backgroundimage\" data-aos-duration=\"800\" data-aos-offset=\"0\" data-aos-delay=\"0\" data-aos-easing=\"ease\" data-aos-mirror=\"false\" data-aos-once=\"true\">\r\n<div class=\"frame-group-container\">\r\n<div class=\"frame-group-inner\">\r\n<div class=\"frame-container frame-container-default\">\r\n<div class=\"frame-inner\">\r\n<div class=\"textpic textpic-above\">\r\n<div class=\"textpic-item textpic-text\">\r\n<p class=\"p1\"><span class=\"s1\">Die Spiritualit\u00e4t hat er von seinem Vater, einem Calchaqui Indianer, von seiner Mutter, einer Polin, hat er das musikalische Talent. Schon als Achtj\u00e4hriger sang er und spielte Mundharmonika in einem Sch\u00fclerquartett. In San Telmo, wo er aufwuchs, einem Stadtteil im S\u00fcdosten der argentinischen Hauptstadt Buenos Aires, das auch als das \u201eTango-Viertel\u201c bekannt ist, hatten sie ihre ersten Auftritte: abends in einer Bordellbar &#8211; Rock&#8217;n Roll und Blues.<\/span><\/p>\r\n<p class=\"p1\"><span class=\"s1\">L\u00e4ngst ist Tony Osanah einer der weltbesten Gitarristen. Doch spielt er ebenso virtuos Banjo, Bass, Saxofon, Klavier, Querfl\u00f6te, Charango. Sitar und Sarod zu spielen hat er bei Ravi Shankar gelernt, der seinerzeit der bekannteste indische Musiker war und Einfluss auf etliche Songs der Beatles hatte.<\/span><\/p>\r\n<p class=\"p1\"><span class=\"s1\">Alles begann als Tony Osanah mit 17 den Bus nach Sao Paulo bestieg, um \u201eder unertr\u00e4glichen Milit\u00e4rdiktatur in Argentinien&#8220; zu entfliehen. Das war der Start zu einer grandiosen Karriere, die ihn in den n\u00e4chsten Jahrzehnten auf internationalen B\u00fchnen und Festivals zum Star und in Brasilien zu einer Musikerlegende werden lie\u00df. Aufmerksam auf seine geniale musikalische Begabung wurde man in Brasilien zun\u00e4chst durch seine Konzerte und TV-Auftritte mit seiner Band, den \u201eBeat Boys&#8220;.<\/span><\/p>\r\n<p class=\"p1\"><span class=\"s1\">Dann startete Osanah eine atemraubende Solo-Karriere.<\/span><\/p>\r\n<p class=\"p1\"><span class=\"s1\">Tourte mit Ikonen der Musikgeschichte durch die Welt, wie mit Gilberto Gil, Raul Seixas, Ronnie Von, Maysa, Walter Franco, Erasmo Carlos, Tim Maia, Caetano Veloso und Eduardo Ara\u00fajo. Produzierte mit ihnen millionenfach verkaufte Alben. Schrieb Hits, die heute noch gespielt werden. Sp\u00e4ter ging er mit B. B. King in S\u00fcdamerika, den USA und S\u00fcdeuropa auf Tournee, ebenso mit der Blues S\u00e4ngerin Jeanne Carroll aus Alberta, Mississippi.<\/span><\/p>\r\n<p class=\"p1\"><span class=\"s1\">Tony hat Filmmusiken komponiert und produziert, auch Balladen, Protest- und Country-songs, und zahlreiche Bands zusammengestellt, mit denen er gro\u00dfe Erfolge feierte. Ein deutscher Kritiker notierte: \u201eEr (Tony Osanah) f\u00fchlt sich sowohl in der s\u00fcdamerikanischen Musik als auch im Blues und im Jazz zuhause. Seine Interpretationen von Pop- und Rocksongs sind musikalisch schlichtweg faszinierend. Seine Musik atmet die Energie eines Philosophen und ist auf fast magische Art getragen von Freiheit und Spiritualit\u00e4t&#8220;. Nicht von ungef\u00e4hr nennt man in Musikerkreisen Tony Osanah daher respektvoll den \u201eZauberer&#8220;.<\/span><\/p>\r\n<\/div>\r\n<\/div>\r\n<\/div>\r\n<\/div>\r\n<\/div>\r\n<\/div>\r\n<\/div>\r\n<\/div>\r\n<p><strong><span style=\"color: #000000;\"><br \/>Pampuch, Rolf<\/span><\/strong><span style=\"color: #000000;\"><br \/><\/span><\/p>\r\n<div id=\"attachment_444\" style=\"width: 310px\" class=\"wp-caption alignright\"><a href=\"http:\/\/musik-landkreis-fulda.de\/wp-content\/uploads\/2014\/02\/pampuch_rolf_400.png\"><img loading=\"lazy\" decoding=\"async\" aria-describedby=\"caption-attachment-444\" class=\"wp-image-444 size-medium\" src=\"http:\/\/musik-landkreis-fulda.de\/wp-content\/uploads\/2014\/02\/pampuch_rolf_400-300x288.png\" alt=\"Rolf Pampuch\" width=\"300\" height=\"288\" srcset=\"https:\/\/www.musik-landkreis-fulda.de\/web\/wp-content\/uploads\/2014\/02\/pampuch_rolf_400-300x288.png 300w, https:\/\/www.musik-landkreis-fulda.de\/web\/wp-content\/uploads\/2014\/02\/pampuch_rolf_400.png 400w\" sizes=\"auto, (max-width: 300px) 100vw, 300px\" \/><\/a><p id=\"caption-attachment-444\" class=\"wp-caption-text\">Bildnachweis: R. Pampuch<\/p><\/div>\r\n<p><span style=\"color: #000000;\">Unterrichtsfach: Gitarre, Akkordeon<br \/><\/span><span style=\"color: #000000;\">Unterrichtsorte: Fulda (ESC), K\u00fcnzell-Loheland, Eichenzell, Ebersburg\u00a0\u00a0<\/span><\/p>\r\n<p><span style=\"color: #000000;\">Abgeschlossenes Hochschulstudium Lehramt Musik Sek I in Gie\u00dfen<\/span><br \/><span style=\"color: #000000;\">Referendariat und 2.Staatsexamen in Kassel<\/span><\/p>\r\n<p><span style=\"color: #000000;\">Seit \u00fcber 30 Jahren Honorardozent an der Musikschule des Landkreises Fulda, <\/span><span style=\"color: #000000;\">unterrichtet Gitarre und Akkordeon f\u00fcr Gro\u00df und Klein<\/span><\/p>\r\n<p>&nbsp;<\/p>\r\n<p><strong><span style=\"color: #000000;\">Rebakowski, Raisa<\/span><\/strong><\/p>\r\n<div id=\"attachment_652\" style=\"width: 325px\" class=\"wp-caption alignright\"><img loading=\"lazy\" decoding=\"async\" aria-describedby=\"caption-attachment-652\" class=\"wp-image-652 \" src=\"http:\/\/www.musik-landkreis-fulda.de\/web\/wp-content\/uploads\/2014\/02\/Portrait_VHS-Raisa_Rebakovski_400px-288x300.jpg\" alt=\"\" width=\"315\" height=\"329\" srcset=\"https:\/\/www.musik-landkreis-fulda.de\/web\/wp-content\/uploads\/2014\/02\/Portrait_VHS-Raisa_Rebakovski_400px-288x300.jpg 288w, https:\/\/www.musik-landkreis-fulda.de\/web\/wp-content\/uploads\/2014\/02\/Portrait_VHS-Raisa_Rebakovski_400px.jpg 400w\" sizes=\"auto, (max-width: 315px) 100vw, 315px\" \/><p id=\"caption-attachment-652\" class=\"wp-caption-text\">Bildnachweis: M. Werthm\u00fcller<\/p><\/div>\r\n<p>&nbsp;<\/p>\r\n<p>&nbsp;<\/p>\r\n<p>&nbsp;<\/p>\r\n<p>&nbsp;<\/p>\r\n<p>&nbsp;<\/p>\r\n<p>&nbsp;<\/p>\r\n<p>&nbsp;<\/p>\r\n<p>&nbsp;<\/p>\r\n<p><span style=\"color: #000000;\">Unterrichtsfach: Klavier<br \/>Unterrichtsorte: Petersberg\u00a0 \u00a0 \u00a0 \u00a0 \u00a0 \u00a0 \u00a0 \u00a0 \u00a0\u00a0<\/span><\/p>\r\n<ul>\r\n<li>Studium an der R.Glier Kiewer Musikkonservatorium:<br \/>Staatlich gepr\u00fcfte Klavierlehrerin, -begleiterin und Kammermusikerin<\/li>\r\n<li>Lehrt\u00e4tigkeit: seit 1993 VHS des Landkreises Fulda als Dozentin f\u00fcr Klavierunterricht:<br \/>Vorbereitung von Sch\u00fclern auf \u201eJugend musiziert\u201c Regionale, Landes- und<br \/>Bundeswettbewerbe in Kategorien Klaviersolo, Kammermusik als auch Klavierbegleitung<br \/>Pr\u00e4paration von Sch\u00fclern f\u00fcr Aufnahmepr\u00fcfungen an den Musikgymnasien und<br \/>Musikhochschulen<br \/>Akkompagnement von Streich- und Blasinstrumenten bei \u201eJugen musiziert\u201c Regionale und<br \/>Landeswettbewerben<br \/>Regelm\u00e4\u00dfige Organisation und Leitung von Klassenvorspielen<br \/>Partizipation an schulischen Veranstaltungen mit eigenen Sch\u00fclerbetr\u00e4gen als auch<br \/>Klavierbegleitung von Sch\u00fclern von Arbeitskollegen (gesang, diverse Soloinstrumente und<br \/>Ensembles)<br \/>Langj\u00e4riger Begleiterin der \u201eRh\u00f6nlerchen\u201c und \u201eRh\u00f6nlust\u201c unter der Leitung von Johannes<br \/>Neuwirth auf deren Konzertreisen, inkl. Fernsehauftritte<\/li>\r\n<li>Schwerpunkt: Klavierunterricht f\u00fcr alle Alter, Klassik, Pop und Filmmusik<\/li>\r\n<li>Motto: Es ist des Lernens kein Ende<\/li>\r\n<\/ul>\r\n<p><strong><span style=\"color: #000000;\"><br \/>Reimann, Astrid<\/span><\/strong><\/p>\r\n<p><span style=\"color: #000000;\">Unterrichtsf\u00e4cher: Gitarre, Klavier, Keyboard<br \/>Unterrichtsorte: Dipperz, Poppenhausen (Grundschule)<br \/><\/span><\/p>\r\n<p><strong><span style=\"color: #000000;\"><br \/>Sagert, Wolfgang<\/span><\/strong><\/p>\r\n<p><span style=\"color: #000000;\">Unterrichtsf\u00e4cher: Trompete,\u00a0Fl\u00fcgelhorn, Tenorhorn, Waldhorn, Posaune, Tuba<br \/>Unterrichtsorte: Eiterfeld-Gro\u00dfentaft (Grundschule), Fulda (Winfriedschule und Infozentrum), H\u00fcnfeld (Jahnschule), H\u00fcnfeld-Ro\u00dfbach\u00a0\u00a0<\/span><\/p>\r\n<p><strong><span style=\"color: #000000;\">\u00a0<\/span><\/strong><span style=\"color: #000000;\"><strong>Sch\u00fcttler, Silvia<\/strong><\/span><\/p>\r\n<p><span style=\"color: #000000;\">Unterrichtsf\u00e4cher: Keltische Harfe, Gitarre<\/span><br \/><span style=\"color: #000000;\">Unterrichtsort: Burghaun<\/span><\/p>\r\n<p><!-- x-tinymce\/html --><\/p>\r\n<p><strong><!-- x-tinymce\/html --><!-- x-tinymce\/html --><!-- x-tinymce\/html --><!-- x-tinymce\/html --><!-- x-tinymce\/html --><!-- x-tinymce\/html --><!-- x-tinymce\/html --><\/strong><strong><span style=\"color: #000000;\">Schwan, Carsten\u00a0<\/span><\/strong><\/p>\r\n<p><span style=\"color: #000000;\">Unterichtsf\u00e4cher: Tenorhorn, Tuba, Waldhorn, Trompete, Posaune<br \/>Unterrichtsorte: Eiterfeld (Lichtbergschule), K\u00fcnzell<br \/><\/span><\/p>\r\n<p><strong><span style=\"color: #000000;\"><br \/>Stolipin, Viktoria<\/span><\/strong><\/p>\r\n<p><span style=\"color: #000000;\">Unterrichtsf\u00e4cher: Viola, Violine<br \/>Unterrichtsorte: Eiterfeld (Lichtbergschule), Fulda (Infozentrum), H\u00fcnfeld (Paul-Gerhardt-Schule), Petersberg-Margretenhaun<\/span><\/p>\r\n<p>&nbsp;<\/p>\r\n<p><strong>Name: Christine Vogel\u00a0 \u00a0 \u00a0 \u00a0 \u00a0 \u00a0 \u00a0 \u00a0 \u00a0 \u00a0 \u00a0 \u00a0 \u00a0 \u00a0 \u00a0 \u00a0 \u00a0 \u00a0 \u00a0 \u00a0 \u00a0 \u00a0 \u00a0 \u00a0 \u00a0 \u00a0 \u00a0<img loading=\"lazy\" decoding=\"async\" class=\"wp-image-1132 alignright\" src=\"https:\/\/www.musik-landkreis-fulda.de\/web\/wp-content\/uploads\/2014\/02\/ChVogel_Foto-AlexanderEnglert_DSC4401-1-300x200.jpg\" alt=\"\" width=\"463\" height=\"308\" srcset=\"https:\/\/www.musik-landkreis-fulda.de\/web\/wp-content\/uploads\/2014\/02\/ChVogel_Foto-AlexanderEnglert_DSC4401-1-300x200.jpg 300w, https:\/\/www.musik-landkreis-fulda.de\/web\/wp-content\/uploads\/2014\/02\/ChVogel_Foto-AlexanderEnglert_DSC4401-1-700x467.jpg 700w, https:\/\/www.musik-landkreis-fulda.de\/web\/wp-content\/uploads\/2014\/02\/ChVogel_Foto-AlexanderEnglert_DSC4401-1.jpg 750w\" sizes=\"auto, (max-width: 463px) 100vw, 463px\" \/><\/strong><\/p>\r\n<p><strong>Unterrichtsf\u00e4cher: Viola da gamba, Kontrabass<\/strong><\/p>\r\n<p><strong>Unterrichtsorte: Fulda (Ch\u00f6re am Dom)<\/strong><\/p>\r\n<p>Christine Vogel studierte Viola da gamba und historischen Kontrabass unter anderem an der HfMDK Frankfurt am Main bei Heidi Gr\u00f6ger und Prof. Dane Roberts. Daneben schloss sie ihre musikwissenschaftlichen Studien in Halle (Saale) und Leipzig mit Auszeichnung ab und lehrte 2018\/19 in diesem Fach an der HMT Leipzig.<\/p>\r\n<p>Neben einer breitgef\u00e4cherten Konzertt\u00e4tigkeit mit diversen Barockorchestern und -ensembles liegt ein Schwerpunkt auf der Vermittlung Alter Musik: im Instrumental- und Ensembleunterricht ebenso wie bei der Konzeption von Unterrichtsmaterial, wissenschaftlichen Vortr\u00e4gen oder Programmhefttexten f\u00fcr Festivals.<\/p>\r\n<p><strong>Schwerpunkt:<\/strong> Alte Musik, Klangsch\u00f6nheit und Phrasierung<\/p>\r\n<p><strong>Motto:<\/strong> \u201eDas Geheimnis des K\u00f6nnens liegt im Wollen.\u201c (Guiseppe Mazzini)<\/p>\r\n<p>__________________________________________________________________________<\/p>\r\n<p><span style=\"color: #000000;\"><strong>\u00a0<\/strong><\/span><strong><span style=\"color: #000000;\">Zirkunow, Sergej<\/span><\/strong><\/p>\r\n<p><span style=\"color: #000000;\">Unterrichtsf\u00e4cher: Klavier, Jazzklavier<br \/>Unterrichtsorte: Fulda (Infozentrum), H\u00fcnfeld (Johann-Adam-F\u00f6rster-Schule)<br \/><\/span><\/p>\r\n<p><img loading=\"lazy\" decoding=\"async\" class=\"wp-image-1024  alignright\" title=\"Sergej Zirkunow\" src=\"https:\/\/www.musik-landkreis-fulda.de\/web\/wp-content\/uploads\/2014\/02\/Foto-Sergej-Zirkunow-mit-Klavier-300x200.jpg\" alt=\"\" width=\"336\" height=\"224\" srcset=\"https:\/\/www.musik-landkreis-fulda.de\/web\/wp-content\/uploads\/2014\/02\/Foto-Sergej-Zirkunow-mit-Klavier-300x200.jpg 300w, https:\/\/www.musik-landkreis-fulda.de\/web\/wp-content\/uploads\/2014\/02\/Foto-Sergej-Zirkunow-mit-Klavier-1024x683.jpg 1024w, https:\/\/www.musik-landkreis-fulda.de\/web\/wp-content\/uploads\/2014\/02\/Foto-Sergej-Zirkunow-mit-Klavier-768x512.jpg 768w, https:\/\/www.musik-landkreis-fulda.de\/web\/wp-content\/uploads\/2014\/02\/Foto-Sergej-Zirkunow-mit-Klavier-700x467.jpg 700w, https:\/\/www.musik-landkreis-fulda.de\/web\/wp-content\/uploads\/2014\/02\/Foto-Sergej-Zirkunow-mit-Klavier.jpg 1500w\" sizes=\"auto, (max-width: 336px) 100vw, 336px\" \/><\/p>\r\n<p>Der geb\u00fcrtige St. Petersburger Sergej Zirkunow schloss sein Studium als Konzertpianist an der Staatlichen Musikhochschule in St. Petersburg mit Auszeichnung ab. Anschlie\u00dfend begann er selbst an der Hochschule in St. Petersburg zu unterrichten und professionelle Nachwuchsmusiker auszubilden.<\/p>\r\n<p>Durch zahlreiche Konzerte, Rundfunk- und Fernsehauftritte hat er sich international einen Namen gemacht, seit 1993 von Deutschland aus. Seine letzten CDs wurden von f\u00fchrenden Klassik-Radiosendern in Deutschland (Hamburg, Frankfurt am Main, K\u00f6ln, Bonn u.a.) in ihr Programm aufgenommen.<\/p>\r\n<p>Neben seiner solistischen Karriere, die ihn zu zahlreichen internationalen Musikfestivals f\u00fchrte, spielte er auch mit renommierten Orchestern. Auf seinen Konzertreisen durch Europa pr\u00e4sentiert Sergej Zirkunow ein breit gef\u00e4chertes Repertoire, das alle Stilrichtungen vom Barock bis zur zeitgen\u00f6ssischen Musik und Jazzimprovisationen umfasst.<\/p>\r\n<p>Seit 1995 unterrichtet Sergej Zirkunow Klavier und Jazzklavier an der Volkshochschule des Landkreises Fulda. Viele seiner Sch\u00fclerinnen und Sch\u00fcler sind Preistr\u00e4ger des Wettbewerbs \u201eJugend musiziert\u201c, einige haben die Musik zu ihrem Beruf gemacht.<\/p>\r\n<p><strong>Schwerpunkt<\/strong><\/p>\r\n<p>Meinen Sch\u00fclerinnen und Sch\u00fclern die Faszination des Klaviers n\u00e4her zu bringen und sie auf ihrem musikalischen Weg inspirierend zu begleiten<\/p>\r\n<p><strong>Motto<\/strong><\/p>\r\n<p>\u201eDas Klavier ist mein zweites ich.\u201c (Fr\u00e9d\u00e9ric Chopin)<\/p>\r\n\r\n\r\n\r\n<figure class=\"wp-block-gallery has-nested-images columns-default is-cropped wp-block-gallery-1 is-layout-flex wp-block-gallery-is-layout-flex\"><\/figure>\r\n\r\n\r\n\r\n<figure class=\"wp-block-gallery has-nested-images columns-default is-cropped wp-block-gallery-2 is-layout-flex wp-block-gallery-is-layout-flex\"><\/figure>\r\n\r\n\r\n\r\n<figure class=\"wp-block-gallery has-nested-images columns-default is-cropped wp-block-gallery-3 is-layout-flex wp-block-gallery-is-layout-flex\"><\/figure>\r\n\r\n\r\n\r\n<figure class=\"wp-block-gallery has-nested-images columns-default is-cropped wp-block-gallery-4 is-layout-flex wp-block-gallery-is-layout-flex\"><\/figure>\r\n\r\n\r\n\r\n\r\n\r\n\r\n\r\n\r\n\r\n\r\n<div class=\"wp-block-image\">\r\n<figure class=\"alignright size-full is-resized\"><img loading=\"lazy\" decoding=\"async\" width=\"900\" height=\"600\" class=\"wp-image-1198\" style=\"width: 501px; height: auto;\" src=\"https:\/\/www.musik-landkreis-fulda.de\/web\/wp-content\/uploads\/2024\/09\/Juan-Gonzalez-Martinez-Dannis-Dirksen-M-162-900px.jpg\" alt=\"\" srcset=\"https:\/\/www.musik-landkreis-fulda.de\/web\/wp-content\/uploads\/2024\/09\/Juan-Gonzalez-Martinez-Dannis-Dirksen-M-162-900px.jpg 900w, https:\/\/www.musik-landkreis-fulda.de\/web\/wp-content\/uploads\/2024\/09\/Juan-Gonzalez-Martinez-Dannis-Dirksen-M-162-900px-300x200.jpg 300w, https:\/\/www.musik-landkreis-fulda.de\/web\/wp-content\/uploads\/2024\/09\/Juan-Gonzalez-Martinez-Dannis-Dirksen-M-162-900px-768x512.jpg 768w, https:\/\/www.musik-landkreis-fulda.de\/web\/wp-content\/uploads\/2024\/09\/Juan-Gonzalez-Martinez-Dannis-Dirksen-M-162-900px-700x467.jpg 700w\" sizes=\"auto, (max-width: 900px) 100vw, 900px\" \/><\/figure>\r\n<\/div>\r\n\r\n\r\n\r\n\r\n<p><strong>Name<\/strong>: Juan Gonz\u00e1lez Mart\u00ednez<\/p>\r\n\r\n\r\n\r\n<p><strong>Unterrichtsf\u00e4cher:<\/strong> Barockposaune<\/p>\r\n\r\n\r\n\r\n<p><strong>Unterrichtsorte:<\/strong> Ch\u00f6re am Dom<\/p>\r\n\r\n\r\n\r\n<p><strong>Kurz-Vita<\/strong>: <br \/>Juan Gonz\u00e1lez Mart\u00ednez gilt als einer der vielseitigsten Posaunisten der Nachwuchsgeneration im Bereich der historischen Auffu\u0308hrungspraxis.<br \/>Barockposaune studierte bei Wim Becu in Bremen (Master) und den Haag (Konzertexamen). Gastspiele mit den f\u00fchrenden Ensembles der Alten Musik (bsp. Oltremontano, Wesser Renaissance, Gli Angeli Gen\u00e8ve, Akamus und Capella Cracoviensis u.a.) brachten ihm auf die gro\u00dfen B\u00fchnen und Festivals Europas.<br \/>Neue Akzente Setzt der Spanier als Ensembleleiter und Gr\u00fcndungsmitglied von den Ensembles Concierto Ib\u00e9rico, Weckmann-Consort (Lea Suter) und dem Duo GlossArte, bei denen er mehrere CD-Aufnahmen ver\u00f6ffentlicht und neue entdeckte Literatur f\u00fcr Posaune aufgef\u00fchrt hat.<\/p>\r\n\r\n\r\n\r\n<p><strong>Schwerpunkt:<\/strong> Die Umsetzung musikalischer Kenntnisse im historischen Kontext, die Entwicklung eines musikalischen Kriteriums und der Anwendung des passenden Stils in der jeweiligen Zeitepoche finde ich genauso wichtig wie die Klanggestaltung und eine solide Technik: die uns zur Musik f\u00fchren!<\/p>\r\n\r\n\r\n\r\n<p><strong>Motto: <\/strong>Ausprobieren, selber erfahren und neuentdecken sind Teil unseres Lebens: Do it! (tu es!)<\/p>\r\n\r\n\r\n<hr class=\"wp-block-separator has-alpha-channel-opacity\" \/>","protected":false},"excerpt":{"rendered":"<p>-&gt; Interner Downloadbereich f\u00fcr Lehrkr\u00e4fte Der Unterricht des Fachbereiches Musikerziehung findet zum gro\u00dfen Teil an Unterrichtsst\u00e4tten im gesamten Landkreis Fulda statt. Bei Bedarf k\u00f6nnen beim Vorliegen entsprechender Anmeldungen gern auch weitere Unterrichtsorte eingerichtet werden. In folgender alphabetischen Zusammenstellung finden Sie eine Liste unserer Dozentinnen und Dozenten, deren Unterrichtsf\u00e4cher sowie die Orte, an denen im Moment [&hellip;]<\/p>\n","protected":false},"author":1,"featured_media":450,"comment_status":"closed","ping_status":"closed","sticky":true,"template":"","format":"standard","meta":{"footnotes":""},"categories":[1],"tags":[],"class_list":["post-54","post","type-post","status-publish","format-standard","has-post-thumbnail","hentry","category-uncategorized"],"_links":{"self":[{"href":"https:\/\/www.musik-landkreis-fulda.de\/index.php?rest_route=\/wp\/v2\/posts\/54","targetHints":{"allow":["GET"]}}],"collection":[{"href":"https:\/\/www.musik-landkreis-fulda.de\/index.php?rest_route=\/wp\/v2\/posts"}],"about":[{"href":"https:\/\/www.musik-landkreis-fulda.de\/index.php?rest_route=\/wp\/v2\/types\/post"}],"author":[{"embeddable":true,"href":"https:\/\/www.musik-landkreis-fulda.de\/index.php?rest_route=\/wp\/v2\/users\/1"}],"replies":[{"embeddable":true,"href":"https:\/\/www.musik-landkreis-fulda.de\/index.php?rest_route=%2Fwp%2Fv2%2Fcomments&post=54"}],"version-history":[{"count":8,"href":"https:\/\/www.musik-landkreis-fulda.de\/index.php?rest_route=\/wp\/v2\/posts\/54\/revisions"}],"predecessor-version":[{"id":1481,"href":"https:\/\/www.musik-landkreis-fulda.de\/index.php?rest_route=\/wp\/v2\/posts\/54\/revisions\/1481"}],"wp:featuredmedia":[{"embeddable":true,"href":"https:\/\/www.musik-landkreis-fulda.de\/index.php?rest_route=\/wp\/v2\/media\/450"}],"wp:attachment":[{"href":"https:\/\/www.musik-landkreis-fulda.de\/index.php?rest_route=%2Fwp%2Fv2%2Fmedia&parent=54"}],"wp:term":[{"taxonomy":"category","embeddable":true,"href":"https:\/\/www.musik-landkreis-fulda.de\/index.php?rest_route=%2Fwp%2Fv2%2Fcategories&post=54"},{"taxonomy":"post_tag","embeddable":true,"href":"https:\/\/www.musik-landkreis-fulda.de\/index.php?rest_route=%2Fwp%2Fv2%2Ftags&post=54"}],"curies":[{"name":"wp","href":"https:\/\/api.w.org\/{rel}","templated":true}]}}